{"id":90562,"date":"2024-05-28T20:18:24","date_gmt":"2024-05-28T20:18:24","guid":{"rendered":"http:\/\/mppee.gob.ve\/?p=90562"},"modified":"2024-05-28T20:39:41","modified_gmt":"2024-05-28T20:39:41","slug":"ministro-marquez-inspecciono-subestacion-san-geronimo-b-765","status":"publish","type":"post","link":"https:\/\/mppee.gob.ve\/?p=90562","title":{"rendered":"Ministro M\u00e1rquez inspeccion\u00f3 subestaci\u00f3n San Ger\u00f3nimo B 765 kV"},"content":{"rendered":"\n<p><strong>Valle de la Pascua, estado Gu\u00e1rico.-<\/strong> El ministro del Poder Popular para la Energ\u00eda El\u00e9ctrica, Jorge M\u00e1rquez, efectu\u00f3 un recorrido por las instalaciones de la subestaci\u00f3n \u00abSan Ger\u00f3nimo B\u00bb de 765 kV, ubicada en Valle de la Pascua, estado Gu\u00e1rico, calificada como una de la m\u00e1s importantes del Sistema El\u00e9ctrico Nacional (SEN) donde constat\u00f3 su operatividad.<\/p>\n\n\n\n<p>Durante su visita, el tambi\u00e9n vicepresidente Sectorial de Obras P\u00fablicas y Servicios, sostuvo un encuentro con la fuerza trabajadora de los diferentes sectores como son el \u00e1rea donde se encuentran los compensadores est\u00e1ticos, sala de mando y el comedor, entre otras.<\/p>\n\n\n\n<p>Por otra parte, en aras de garantizar el bienestar de los trabajadores de la instalaci\u00f3n el\u00e9ctrica, se realiz\u00f3 la dotaci\u00f3n de uniformes, botas y una ambulancia para la subestaci\u00f3n.<\/p>\n\n\n\n<p>Es importante resaltar que San Ger\u00f3nimo es el principal centro de distribuci\u00f3n de energ\u00eda del pa\u00eds.<\/p>\n\n\n\n<p><strong>Prensa MPPEE-Corpoelec\/ Yeira Colmenares<\/strong><\/p>\n","protected":false},"excerpt":{"rendered":"<p>Valle de la Pascua, estado Gu\u00e1rico.- El ministro del Poder Popular para la Energ\u00eda El\u00e9ctrica, Jorge M\u00e1rquez, efectu\u00f3 un recorrido<\/p>\n","protected":false},"author":22,"featured_media":90563,"comment_status":"closed","ping_status":"closed","sticky":false,"template":"","format":"standard","meta":{"footnotes":""},"categories":[1,30,7],"tags":[11],"class_list":["post-90562","post","type-post","status-publish","format-standard","has-post-thumbnail","hentry","category-mppee","category-regionales","category-sen","tag-mppee"],"_links":{"self":[{"href":"https:\/\/mppee.gob.ve\/index.php?rest_route=\/wp\/v2\/posts\/90562","targetHints":{"allow":["GET"]}}],"collection":[{"href":"https:\/\/mppee.gob.ve\/index.php?rest_route=\/wp\/v2\/posts"}],"about":[{"href":"https:\/\/mppee.gob.ve\/index.php?rest_route=\/wp\/v2\/types\/post"}],"author":[{"embeddable":true,"href":"https:\/\/mppee.gob.ve\/index.php?rest_route=\/wp\/v2\/users\/22"}],"replies":[{"embeddable":true,"href":"https:\/\/mppee.gob.ve\/index.php?rest_route=%2Fwp%2Fv2%2Fcomments&post=90562"}],"version-history":[{"count":3,"href":"https:\/\/mppee.gob.ve\/index.php?rest_route=\/wp\/v2\/posts\/90562\/revisions"}],"predecessor-version":[{"id":90567,"href":"https:\/\/mppee.gob.ve\/index.php?rest_route=\/wp\/v2\/posts\/90562\/revisions\/90567"}],"wp:featuredmedia":[{"embeddable":true,"href":"https:\/\/mppee.gob.ve\/index.php?rest_route=\/wp\/v2\/media\/90563"}],"wp:attachment":[{"href":"https:\/\/mppee.gob.ve\/index.php?rest_route=%2Fwp%2Fv2%2Fmedia&parent=90562"}],"wp:term":[{"taxonomy":"category","embeddable":true,"href":"https:\/\/mppee.gob.ve\/index.php?rest_route=%2Fwp%2Fv2%2Fcategories&post=90562"},{"taxonomy":"post_tag","embeddable":true,"href":"https:\/\/mppee.gob.ve\/index.php?rest_route=%2Fwp%2Fv2%2Ftags&post=90562"}],"curies":[{"name":"wp","href":"https:\/\/api.w.org\/{rel}","templated":true}]}}