{"id":90570,"date":"2024-05-29T00:14:32","date_gmt":"2024-05-29T00:14:32","guid":{"rendered":"http:\/\/mppee.gob.ve\/?p=90570"},"modified":"2024-05-29T00:14:33","modified_gmt":"2024-05-29T00:14:33","slug":"aprobada-restauracion-de-espacios-en-la-subestacion-san-geronimo-a-400","status":"publish","type":"post","link":"https:\/\/mppee.gob.ve\/?p=90570","title":{"rendered":"Aprobada restauraci\u00f3n de espacios en la subestaci\u00f3n San Ger\u00f3nimo A 400"},"content":{"rendered":"\n<p><strong>Valle de la Pascua, estado Gu\u00e1rico.-<\/strong> Durante una visita a la subestaci\u00f3n \u201cSan Ger\u00f3nimo A\u201d de 400 kV, ubicada en Valle de la Pascua, el ministro del Poder Popular para la Energ\u00eda El\u00e9ctrica, Jorge M\u00e1rquez, aprob\u00f3 la restauraci\u00f3n de la infraestructura de la sala de mando y los sistema de refrigeraci\u00f3n.<\/p>\n\n\n\n<p>Asimismo, el tambi\u00e9n vicepresidente Sectorial de Obras P\u00fablicas y Servicios, inspeccion\u00f3 el sistema fotovoltaico de las instalaciones, a fin de constatar su operatividad.<\/p>\n\n\n\n<p>En el contexto de su recorrido por las subestaciones del estado Gu\u00e1rico, el ministro M\u00e1rquez evalu\u00f3 las instalaciones de la \u00abSubestaci\u00f3n La Pascua\u201d de 115 kV.<\/p>\n\n\n\n<p>El MPPEE y la Corporaci\u00f3n El\u00e9ctrica Nacional (Corpoelec) trabajan de la mano para fortalecer el Sistema El\u00e9ctrico Nacional y brindar al pueblo venezolano el servicio que se merece.<\/p>\n\n\n\n<p><strong>Prensa MPPEE-Corpoelec\/Karla Cotoret<\/strong><\/p>\n","protected":false},"excerpt":{"rendered":"<p>Valle de la Pascua, estado Gu\u00e1rico.- Durante una visita a la subestaci\u00f3n \u201cSan Ger\u00f3nimo A\u201d de 400 kV, ubicada en<\/p>\n","protected":false},"author":22,"featured_media":90571,"comment_status":"closed","ping_status":"closed","sticky":false,"template":"","format":"standard","meta":{"footnotes":""},"categories":[1,30,7],"tags":[11],"class_list":["post-90570","post","type-post","status-publish","format-standard","has-post-thumbnail","hentry","category-mppee","category-regionales","category-sen","tag-mppee"],"_links":{"self":[{"href":"https:\/\/mppee.gob.ve\/index.php?rest_route=\/wp\/v2\/posts\/90570","targetHints":{"allow":["GET"]}}],"collection":[{"href":"https:\/\/mppee.gob.ve\/index.php?rest_route=\/wp\/v2\/posts"}],"about":[{"href":"https:\/\/mppee.gob.ve\/index.php?rest_route=\/wp\/v2\/types\/post"}],"author":[{"embeddable":true,"href":"https:\/\/mppee.gob.ve\/index.php?rest_route=\/wp\/v2\/users\/22"}],"replies":[{"embeddable":true,"href":"https:\/\/mppee.gob.ve\/index.php?rest_route=%2Fwp%2Fv2%2Fcomments&post=90570"}],"version-history":[{"count":1,"href":"https:\/\/mppee.gob.ve\/index.php?rest_route=\/wp\/v2\/posts\/90570\/revisions"}],"predecessor-version":[{"id":90572,"href":"https:\/\/mppee.gob.ve\/index.php?rest_route=\/wp\/v2\/posts\/90570\/revisions\/90572"}],"wp:featuredmedia":[{"embeddable":true,"href":"https:\/\/mppee.gob.ve\/index.php?rest_route=\/wp\/v2\/media\/90571"}],"wp:attachment":[{"href":"https:\/\/mppee.gob.ve\/index.php?rest_route=%2Fwp%2Fv2%2Fmedia&parent=90570"}],"wp:term":[{"taxonomy":"category","embeddable":true,"href":"https:\/\/mppee.gob.ve\/index.php?rest_route=%2Fwp%2Fv2%2Fcategories&post=90570"},{"taxonomy":"post_tag","embeddable":true,"href":"https:\/\/mppee.gob.ve\/index.php?rest_route=%2Fwp%2Fv2%2Ftags&post=90570"}],"curies":[{"name":"wp","href":"https:\/\/api.w.org\/{rel}","templated":true}]}}