{"id":90589,"date":"2024-06-01T01:15:05","date_gmt":"2024-06-01T01:15:05","guid":{"rendered":"http:\/\/mppee.gob.ve\/?p=90589"},"modified":"2024-06-01T01:15:07","modified_gmt":"2024-06-01T01:15:07","slug":"reemplazo-del-cable-sublacustre-mojan-isla-de-toas-beneficiara-a-mas-de-226-000-habitantes","status":"publish","type":"post","link":"https:\/\/mppee.gob.ve\/?p=90589","title":{"rendered":"Reemplazo del cable sublacustre Mojan &#8211; Isla de Toas beneficiar\u00e1 a m\u00e1s de 226.000 habitantes"},"content":{"rendered":"\n<p><strong>Isla de Toas, Zulia. &#8211;\u00a0 <\/strong>El ministro del Poder Popular para la Energ\u00eda El\u00e9ctrica, Jorge M\u00e1rquez, acompa\u00f1ado del presidente de Corpoelec, Jos\u00e9 Luis Betancourt, entreg\u00f3 6 carretes con 30 kil\u00f3metros de conductor para el reemplazo del cable sublacustre Mojan &#8211; Isla de Toas.<\/p>\n\n\n\n<p>Asimismo, hizo la entrega de poste y seccionadores, entre otros materiales requeridos para los trabajos de instalaci\u00f3n de esta importante conexi\u00f3n el\u00e9ctrica que beneficiar\u00e1 a m\u00e1s de 226 mil habitantes del municipio Almirante Padilla que comprende Isla de Toas, Zapata y San Carlos.<\/p>\n\n\n\n<p>Seguidamente, el tambi\u00e9n Vicepresidente Sectorial de Obras P\u00fablicas y Servicios inspeccion\u00f3 los trabajos en la Subestaci\u00f3n El\u00e9ctrica Bella Vista, ubicada en el municipio Maracaibo de la entidad, donde la fuerza trabajadora de la Gerencia de Transmisi\u00f3n Zulia efect\u00faa trabajos en sistema de protecciones, correcciones y mantenimiento a equipos tales como seccionadores e interruptores.<\/p>\n\n\n\n<p>De igual forma, constat\u00f3 las labores del personal de la Gerencia de Bienes y Servicios quienes llevan a cabo trabajos de impermeabilizaci\u00f3n, pintura, demarcaci\u00f3n, climatizaci\u00f3n, entre otras labores para el embellecimiento y reacondicionamiento de esta instalaci\u00f3n el\u00e9ctrica.<\/p>\n\n\n\n<p><strong>Prensa&nbsp; MPPEE-Corpoelec\/ Karla Cotoret<\/strong><\/p>\n","protected":false},"excerpt":{"rendered":"<p>Isla de Toas, Zulia. &#8211;\u00a0 El ministro del Poder Popular para la Energ\u00eda El\u00e9ctrica, Jorge M\u00e1rquez, acompa\u00f1ado del presidente de<\/p>\n","protected":false},"author":22,"featured_media":90590,"comment_status":"closed","ping_status":"closed","sticky":false,"template":"","format":"standard","meta":{"footnotes":""},"categories":[1,30],"tags":[11],"class_list":["post-90589","post","type-post","status-publish","format-standard","has-post-thumbnail","hentry","category-mppee","category-regionales","tag-mppee"],"_links":{"self":[{"href":"https:\/\/mppee.gob.ve\/index.php?rest_route=\/wp\/v2\/posts\/90589","targetHints":{"allow":["GET"]}}],"collection":[{"href":"https:\/\/mppee.gob.ve\/index.php?rest_route=\/wp\/v2\/posts"}],"about":[{"href":"https:\/\/mppee.gob.ve\/index.php?rest_route=\/wp\/v2\/types\/post"}],"author":[{"embeddable":true,"href":"https:\/\/mppee.gob.ve\/index.php?rest_route=\/wp\/v2\/users\/22"}],"replies":[{"embeddable":true,"href":"https:\/\/mppee.gob.ve\/index.php?rest_route=%2Fwp%2Fv2%2Fcomments&post=90589"}],"version-history":[{"count":1,"href":"https:\/\/mppee.gob.ve\/index.php?rest_route=\/wp\/v2\/posts\/90589\/revisions"}],"predecessor-version":[{"id":90591,"href":"https:\/\/mppee.gob.ve\/index.php?rest_route=\/wp\/v2\/posts\/90589\/revisions\/90591"}],"wp:featuredmedia":[{"embeddable":true,"href":"https:\/\/mppee.gob.ve\/index.php?rest_route=\/wp\/v2\/media\/90590"}],"wp:attachment":[{"href":"https:\/\/mppee.gob.ve\/index.php?rest_route=%2Fwp%2Fv2%2Fmedia&parent=90589"}],"wp:term":[{"taxonomy":"category","embeddable":true,"href":"https:\/\/mppee.gob.ve\/index.php?rest_route=%2Fwp%2Fv2%2Fcategories&post=90589"},{"taxonomy":"post_tag","embeddable":true,"href":"https:\/\/mppee.gob.ve\/index.php?rest_route=%2Fwp%2Fv2%2Ftags&post=90589"}],"curies":[{"name":"wp","href":"https:\/\/api.w.org\/{rel}","templated":true}]}}