{"id":90626,"date":"2024-06-05T00:07:45","date_gmt":"2024-06-05T00:07:45","guid":{"rendered":"http:\/\/mppee.gob.ve\/?p=90626"},"modified":"2024-06-05T00:07:46","modified_gmt":"2024-06-05T00:07:46","slug":"articulan-esfuerzos-para-optimizar-servicio-electrico-en-el-pais","status":"publish","type":"post","link":"https:\/\/mppee.gob.ve\/?p=90626","title":{"rendered":"Articulan esfuerzos para optimizar servicio el\u00e9ctrico en el pa\u00eds"},"content":{"rendered":"\n<p><strong>Caracas, Distrito Capital.-<\/strong> En aras de establecer mecanismos de articulaci\u00f3n entre el sector el\u00e9ctrico e hidroel\u00e9ctrico, el vicepresidente sectorial de Obras P\u00fablicas y Servicios, Jorge M\u00e1rquez, lider\u00f3 este martes una reuni\u00f3n de trabajo, v\u00eda videoconferencia, con los gerentes territoriales de la Corporaci\u00f3n El\u00e9ctrica Nacional (Corpoelec) y los presidentes de las Hidrol\u00f3gicas de cada estado.<\/p>\n\n\n\n<p>El encuentro cont\u00f3 adem\u00e1s con la participaci\u00f3n del ministro del Poder Popular de Atenci\u00f3n de las Aguas (MinAguas), Rodolfo Marco Torres y el presidente de Corpoelec, Jos\u00e9 Lu\u00eds Betancourt.<\/p>\n\n\n\n<p>\u201cQueremos llamarlos a que en sus trincheras, en sus puestos de trabajo, puedan establecer estrategias para poder avanzar y brindar al pueblo venezolano los servicios que se merecen\u201d, destac\u00f3 el tambi\u00e9n Ministro del Poder Popular para Energ\u00eda El\u00e9ctrica.<\/p>\n\n\n\n<p>El presidente de la Rep\u00fablica Bolivariana de Venezuela, Nicol\u00e1s Maduro, ha reiterado la importancia de impulsar la capacidad de inversi\u00f3n en todas las \u00e1reas de servicios p\u00fablicos en Venezuela, destacando que es una de las prioridades del Gobierno Nacional.<br>Asimismo, estableci\u00f3 como meta la resoluci\u00f3n del 95% de los reportes que llegan a trav\u00e9s del Sistema del 1&#215;10 del Buen Gobierno para el mes de julio.<\/p>\n\n\n\n<p><strong>Prensa MPPEE-Corpoelec\/Karla Cotoret<\/strong><\/p>\n","protected":false},"excerpt":{"rendered":"<p>Caracas, Distrito Capital.- En aras de establecer mecanismos de articulaci\u00f3n entre el sector el\u00e9ctrico e hidroel\u00e9ctrico, el vicepresidente sectorial de<\/p>\n","protected":false},"author":22,"featured_media":90627,"comment_status":"closed","ping_status":"closed","sticky":false,"template":"","format":"standard","meta":{"footnotes":""},"categories":[1,15,7],"tags":[11],"class_list":["post-90626","post","type-post","status-publish","format-standard","has-post-thumbnail","hentry","category-mppee","category-nacionales","category-sen","tag-mppee"],"_links":{"self":[{"href":"https:\/\/mppee.gob.ve\/index.php?rest_route=\/wp\/v2\/posts\/90626","targetHints":{"allow":["GET"]}}],"collection":[{"href":"https:\/\/mppee.gob.ve\/index.php?rest_route=\/wp\/v2\/posts"}],"about":[{"href":"https:\/\/mppee.gob.ve\/index.php?rest_route=\/wp\/v2\/types\/post"}],"author":[{"embeddable":true,"href":"https:\/\/mppee.gob.ve\/index.php?rest_route=\/wp\/v2\/users\/22"}],"replies":[{"embeddable":true,"href":"https:\/\/mppee.gob.ve\/index.php?rest_route=%2Fwp%2Fv2%2Fcomments&post=90626"}],"version-history":[{"count":1,"href":"https:\/\/mppee.gob.ve\/index.php?rest_route=\/wp\/v2\/posts\/90626\/revisions"}],"predecessor-version":[{"id":90628,"href":"https:\/\/mppee.gob.ve\/index.php?rest_route=\/wp\/v2\/posts\/90626\/revisions\/90628"}],"wp:featuredmedia":[{"embeddable":true,"href":"https:\/\/mppee.gob.ve\/index.php?rest_route=\/wp\/v2\/media\/90627"}],"wp:attachment":[{"href":"https:\/\/mppee.gob.ve\/index.php?rest_route=%2Fwp%2Fv2%2Fmedia&parent=90626"}],"wp:term":[{"taxonomy":"category","embeddable":true,"href":"https:\/\/mppee.gob.ve\/index.php?rest_route=%2Fwp%2Fv2%2Fcategories&post=90626"},{"taxonomy":"post_tag","embeddable":true,"href":"https:\/\/mppee.gob.ve\/index.php?rest_route=%2Fwp%2Fv2%2Ftags&post=90626"}],"curies":[{"name":"wp","href":"https:\/\/api.w.org\/{rel}","templated":true}]}}