{"id":90703,"date":"2024-06-20T20:00:40","date_gmt":"2024-06-20T20:00:40","guid":{"rendered":"http:\/\/mppee.gob.ve\/?p=90703"},"modified":"2024-06-20T20:00:42","modified_gmt":"2024-06-20T20:00:42","slug":"inspeccionan-linea-de-transmision-yaracuy-acarigua-ii-del-sen","status":"publish","type":"post","link":"https:\/\/mppee.gob.ve\/?p=90703","title":{"rendered":"Inspeccionan l\u00ednea de transmisi\u00f3n Yaracuy &#8211; Acarigua II del SEN"},"content":{"rendered":"\n<p><strong>Acarigua, estado Portuguesa.-<\/strong> Como parte del Plan Nacional de Inspecciones y Mantenimiento Integral del Sistema El\u00e9ctrico Nacional (SEN), el ministro del Poder Popular para Energ\u00eda El\u00e9ctrica, Jorge M\u00e1rquez, inspeccion\u00f3 la l\u00ednea de transmisi\u00f3n Yaracuy &#8211; Acarigua II, ubicada en el estado Portuguesa, para constatar la operatividad y mantenimiento de esta subestaci\u00f3n.<\/p>\n\n\n\n<p>Acompa\u00f1ado por el presidente de la Corporaci\u00f3n El\u00e9ctrica Nacional (Corpoelec), Jos\u00e9 Luis Betancourt, el tambi\u00e9n Vicepresidente Sectorial de Obras P\u00fablicas y Servicios, recorri\u00f3 las instalaciones de la subestaci\u00f3n, al tiempo que convers\u00f3 con los trabajadores para conocer los avances que adelantan en materia el\u00e9ctrica.<\/p>\n\n\n\n<p>La visita fue propicia para evaluar la ejecuci\u00f3n de trabajos en las instalaciones, a fin de fortalecer el Sistema El\u00e9ctrico Nacional (SEN) en las entidades del pa\u00eds.<\/p>\n\n\n\n<p>Con estas inspecciones por las instalaciones de las subestaciones y plantas del sector el\u00e9ctrico, el ministro M\u00e1rquez busca sentar las bases para el desarrollo de un servicio eficiente y de calidad de la mano de la fuerza trabajadora.<\/p>\n\n\n\n<p>En d\u00edas pasados, M\u00e1rquez instruy\u00f3 un despliegue por el territorio nacional para dar respuestas efectivas ante las demandas del sector el\u00e9ctrico a trav\u00e9s del 1&#215;10 del Buen Gobierno.<\/p>\n\n\n\n<p><strong>Prensa MPPEE-Corpoelec\/Joelin Jim\u00e9nez<\/strong><\/p>\n","protected":false},"excerpt":{"rendered":"<p>Acarigua, estado Portuguesa.- Como parte del Plan Nacional de Inspecciones y Mantenimiento Integral del Sistema El\u00e9ctrico Nacional (SEN), el ministro<\/p>\n","protected":false},"author":22,"featured_media":90704,"comment_status":"closed","ping_status":"closed","sticky":false,"template":"","format":"standard","meta":{"footnotes":""},"categories":[1,30,7],"tags":[11],"class_list":["post-90703","post","type-post","status-publish","format-standard","has-post-thumbnail","hentry","category-mppee","category-regionales","category-sen","tag-mppee"],"_links":{"self":[{"href":"https:\/\/mppee.gob.ve\/index.php?rest_route=\/wp\/v2\/posts\/90703","targetHints":{"allow":["GET"]}}],"collection":[{"href":"https:\/\/mppee.gob.ve\/index.php?rest_route=\/wp\/v2\/posts"}],"about":[{"href":"https:\/\/mppee.gob.ve\/index.php?rest_route=\/wp\/v2\/types\/post"}],"author":[{"embeddable":true,"href":"https:\/\/mppee.gob.ve\/index.php?rest_route=\/wp\/v2\/users\/22"}],"replies":[{"embeddable":true,"href":"https:\/\/mppee.gob.ve\/index.php?rest_route=%2Fwp%2Fv2%2Fcomments&post=90703"}],"version-history":[{"count":1,"href":"https:\/\/mppee.gob.ve\/index.php?rest_route=\/wp\/v2\/posts\/90703\/revisions"}],"predecessor-version":[{"id":90705,"href":"https:\/\/mppee.gob.ve\/index.php?rest_route=\/wp\/v2\/posts\/90703\/revisions\/90705"}],"wp:featuredmedia":[{"embeddable":true,"href":"https:\/\/mppee.gob.ve\/index.php?rest_route=\/wp\/v2\/media\/90704"}],"wp:attachment":[{"href":"https:\/\/mppee.gob.ve\/index.php?rest_route=%2Fwp%2Fv2%2Fmedia&parent=90703"}],"wp:term":[{"taxonomy":"category","embeddable":true,"href":"https:\/\/mppee.gob.ve\/index.php?rest_route=%2Fwp%2Fv2%2Fcategories&post=90703"},{"taxonomy":"post_tag","embeddable":true,"href":"https:\/\/mppee.gob.ve\/index.php?rest_route=%2Fwp%2Fv2%2Ftags&post=90703"}],"curies":[{"name":"wp","href":"https:\/\/api.w.org\/{rel}","templated":true}]}}