{"id":90706,"date":"2024-06-20T21:45:09","date_gmt":"2024-06-20T21:45:09","guid":{"rendered":"http:\/\/mppee.gob.ve\/?p=90706"},"modified":"2024-06-20T21:45:11","modified_gmt":"2024-06-20T21:45:11","slug":"parque-solar-mara-generara-50-mw-para-el-zulia","status":"publish","type":"post","link":"https:\/\/mppee.gob.ve\/?p=90706","title":{"rendered":"Parque Solar Mara generar\u00e1 50 MW para el Zulia"},"content":{"rendered":"\n<p><strong>San Bernardino, Caracas.- <\/strong>Con el prop\u00f3sito de elevar la capacidad del servicio el\u00e9ctrico en la regi\u00f3n zuliana, el Gobierno Bolivariano, construir\u00e1 el Parque Solar Mara de 50 megavatios (MW), con bater\u00edas de almacenamiento de 50 megavatios hora (MWH) en el municipio Mara, estado Zulia.<\/p>\n\n\n\n<p>\u201cYa tengo el proyecto y tengo los terrenos para construir el Parque Solar de Mara que va a beneficiar con 50 megavatios (MW) a La Guajira, Mara e Insular Almirante Padilla, para instalarlo en 10 meses en la subestaci\u00f3n Mara y darle estabilidad al Sistema El\u00e9ctrico del Zulia y garant\u00eda de energ\u00eda solar\u201d, inform\u00f3 el presidente de la Rep\u00fablica, Nicol\u00e1s Maduro, durante una visita al municipio Mara, Zulia.<\/p>\n\n\n\n<p>Este Parque Solar estar\u00e1 situado en la Subestaci\u00f3n (S\/E) Mara del sector Campo Mara, una de las regiones m\u00e1s afectadas por los constantes ataques al Sistema El\u00e9ctrico Nacional (SEN).<\/p>\n\n\n\n<p>Esta pr\u00f3xima obra de la Revoluci\u00f3n Bolivariana, a trav\u00e9s del Ministerio del Poder Popular para Energ\u00eda El\u00e9ctrica (MPPEE), se ejecutar\u00e1 en un lapso de 10 meses para responder a las necesidades del pueblo zuliano en materia energ\u00e9tica.<\/p>\n\n\n\n<p>Recientemente, el jefe de Estado venezolano, anunci\u00f3 tambi\u00e9n un plan para generar 3.000 megavatios para la Regi\u00f3n Los Andes, as\u00ed como la instalaci\u00f3n de una granja solar en El Vig\u00eda, estado M\u00e9rida, como respuesta a solicitudes del Poder Popular organizado que ha sido v\u00edctima del saboteo el\u00e9ctrico.<\/p>\n\n\n\n<p><strong>Prensa MPPEE-Corpoelec\/Rosiris Ortega<\/strong><\/p>\n","protected":false},"excerpt":{"rendered":"<p>San Bernardino, Caracas.- Con el prop\u00f3sito de elevar la capacidad del servicio el\u00e9ctrico en la regi\u00f3n zuliana, el Gobierno Bolivariano,<\/p>\n","protected":false},"author":22,"featured_media":90707,"comment_status":"closed","ping_status":"closed","sticky":false,"template":"","format":"standard","meta":{"footnotes":""},"categories":[1,30,7],"tags":[11],"class_list":["post-90706","post","type-post","status-publish","format-standard","has-post-thumbnail","hentry","category-mppee","category-regionales","category-sen","tag-mppee"],"_links":{"self":[{"href":"https:\/\/mppee.gob.ve\/index.php?rest_route=\/wp\/v2\/posts\/90706","targetHints":{"allow":["GET"]}}],"collection":[{"href":"https:\/\/mppee.gob.ve\/index.php?rest_route=\/wp\/v2\/posts"}],"about":[{"href":"https:\/\/mppee.gob.ve\/index.php?rest_route=\/wp\/v2\/types\/post"}],"author":[{"embeddable":true,"href":"https:\/\/mppee.gob.ve\/index.php?rest_route=\/wp\/v2\/users\/22"}],"replies":[{"embeddable":true,"href":"https:\/\/mppee.gob.ve\/index.php?rest_route=%2Fwp%2Fv2%2Fcomments&post=90706"}],"version-history":[{"count":1,"href":"https:\/\/mppee.gob.ve\/index.php?rest_route=\/wp\/v2\/posts\/90706\/revisions"}],"predecessor-version":[{"id":90708,"href":"https:\/\/mppee.gob.ve\/index.php?rest_route=\/wp\/v2\/posts\/90706\/revisions\/90708"}],"wp:featuredmedia":[{"embeddable":true,"href":"https:\/\/mppee.gob.ve\/index.php?rest_route=\/wp\/v2\/media\/90707"}],"wp:attachment":[{"href":"https:\/\/mppee.gob.ve\/index.php?rest_route=%2Fwp%2Fv2%2Fmedia&parent=90706"}],"wp:term":[{"taxonomy":"category","embeddable":true,"href":"https:\/\/mppee.gob.ve\/index.php?rest_route=%2Fwp%2Fv2%2Fcategories&post=90706"},{"taxonomy":"post_tag","embeddable":true,"href":"https:\/\/mppee.gob.ve\/index.php?rest_route=%2Fwp%2Fv2%2Ftags&post=90706"}],"curies":[{"name":"wp","href":"https:\/\/api.w.org\/{rel}","templated":true}]}}