{"id":90735,"date":"2024-06-25T01:57:28","date_gmt":"2024-06-25T01:57:28","guid":{"rendered":"http:\/\/mppee.gob.ve\/?p=90735"},"modified":"2024-06-25T01:57:30","modified_gmt":"2024-06-25T01:57:30","slug":"presidente-condena-ataques-al-sen-y-pide-todo-el-peso-de-la-ley-contra-criminales","status":"publish","type":"post","link":"https:\/\/mppee.gob.ve\/?p=90735","title":{"rendered":"Presidente condena ataques al SEN y pide todo el peso de la Ley contra criminales"},"content":{"rendered":"\n<p><strong>San Bernardino, Caracas.-<\/strong> Como \u201cterrorismo fascista\u201d calific\u00f3 el presidente de la Rep\u00fablica, Nicol\u00e1s Maduro Moros, los ataques a las instalaciones y subestaciones el Sistema El\u00e9ctrico Nacional (SEN), promovido por la extrema derecha y ejecutado por bandas criminales.<\/p>\n\n\n\n<p>En este sentido, el Mandatario solicit\u00f3 a la Fiscal\u00eda General de la Rep\u00fablica aplicar \u201ctodo el peso de la ley\u201d a quienes cometan ataques contra el SEN.<\/p>\n\n\n\n<p>Durante la edici\u00f3n N\u00b0 51 del programa \u201cCon Maduro+\u201d, detall\u00f3 las investigaciones realizadas por los organismos encargados, lo que gener\u00f3 la detenci\u00f3n de autores materiales de los ataques contra el SEN en distintos puntos del pa\u00eds.<\/p>\n\n\n\n<p>\u201cLos capturaron, est\u00e1n presos, pido a la Fiscal\u00eda todo el peso de la ley, porque esto es un acto terrorista, que le metan todos los a\u00f1os que dice el c\u00f3digo \u2013penal-\u201d, se\u00f1al\u00f3 Maduro.<\/p>\n\n\n\n<p>Asimismo, inform\u00f3 que seg\u00fan los testimonios recabados a estos grupos criminales les pagaron \u201cy los mandaron por razones electorales a sabotear el circuito el\u00e9ctrico\u201d.<\/p>\n\n\n\n<p>Resalt\u00f3 el presidente Maduro las labores de la fuerza trabajadora de la Corporaci\u00f3n El\u00e9ctrica Nacional (Corpoelec) para restablecer el servicio en las comunidades del pa\u00eds que resultaron afectadas, espec\u00edficamente en los estados Nueva Esparta, Gu\u00e1rico y Zulia.<\/p>\n\n\n\n<p>Previamente, el Jefe de Estado, orden\u00f3 la elaboraci\u00f3n de un Plan Especial de Patrullaje y Vigilancia en las instalaciones del SEN y las comunidades del pa\u00eds.<\/p>\n\n\n\n<p>\u201cTenemos derecho a la paz, nadie nos va a robar el derecho a la paz, nadie (\u2026) nadie nos va a robar el derecho a la Patria y habr\u00e1 paz en Venezuela antes, durante y despu\u00e9s del 28 de julio. Llueva, truene o relampagu\u00e9e habr\u00e1 una fiesta democr\u00e1tica en Venezuela con el pueblo votando\u201d, afirm\u00f3.<\/p>\n\n\n\n<p><strong>Prensa MPPEE-Corpoelec \/ Joelin Jim\u00e9nez<\/strong><\/p>\n","protected":false},"excerpt":{"rendered":"<p>San Bernardino, Caracas.- Como \u201cterrorismo fascista\u201d calific\u00f3 el presidente de la Rep\u00fablica, Nicol\u00e1s Maduro Moros, los ataques a las instalaciones<\/p>\n","protected":false},"author":22,"featured_media":90722,"comment_status":"closed","ping_status":"closed","sticky":false,"template":"","format":"standard","meta":{"footnotes":""},"categories":[1,15,7],"tags":[11],"class_list":["post-90735","post","type-post","status-publish","format-standard","has-post-thumbnail","hentry","category-mppee","category-nacionales","category-sen","tag-mppee"],"_links":{"self":[{"href":"https:\/\/mppee.gob.ve\/index.php?rest_route=\/wp\/v2\/posts\/90735","targetHints":{"allow":["GET"]}}],"collection":[{"href":"https:\/\/mppee.gob.ve\/index.php?rest_route=\/wp\/v2\/posts"}],"about":[{"href":"https:\/\/mppee.gob.ve\/index.php?rest_route=\/wp\/v2\/types\/post"}],"author":[{"embeddable":true,"href":"https:\/\/mppee.gob.ve\/index.php?rest_route=\/wp\/v2\/users\/22"}],"replies":[{"embeddable":true,"href":"https:\/\/mppee.gob.ve\/index.php?rest_route=%2Fwp%2Fv2%2Fcomments&post=90735"}],"version-history":[{"count":1,"href":"https:\/\/mppee.gob.ve\/index.php?rest_route=\/wp\/v2\/posts\/90735\/revisions"}],"predecessor-version":[{"id":90736,"href":"https:\/\/mppee.gob.ve\/index.php?rest_route=\/wp\/v2\/posts\/90735\/revisions\/90736"}],"wp:featuredmedia":[{"embeddable":true,"href":"https:\/\/mppee.gob.ve\/index.php?rest_route=\/wp\/v2\/media\/90722"}],"wp:attachment":[{"href":"https:\/\/mppee.gob.ve\/index.php?rest_route=%2Fwp%2Fv2%2Fmedia&parent=90735"}],"wp:term":[{"taxonomy":"category","embeddable":true,"href":"https:\/\/mppee.gob.ve\/index.php?rest_route=%2Fwp%2Fv2%2Fcategories&post=90735"},{"taxonomy":"post_tag","embeddable":true,"href":"https:\/\/mppee.gob.ve\/index.php?rest_route=%2Fwp%2Fv2%2Ftags&post=90735"}],"curies":[{"name":"wp","href":"https:\/\/api.w.org\/{rel}","templated":true}]}}