{"id":90737,"date":"2024-06-25T03:06:33","date_gmt":"2024-06-25T03:06:33","guid":{"rendered":"http:\/\/mppee.gob.ve\/?p=90737"},"modified":"2024-06-25T03:06:35","modified_gmt":"2024-06-25T03:06:35","slug":"presidente-maduro-el-unico-candidato-de-la-derecha-es-la-guerra-electrica","status":"publish","type":"post","link":"https:\/\/mppee.gob.ve\/?p=90737","title":{"rendered":"Presidente Maduro: El \u00fanico candidato de la derecha es la guerra el\u00e9ctrica"},"content":{"rendered":"\n<p><strong>San Bernardino, Caracas<\/strong><em>.-<\/em> A 34 d\u00edas de las elecciones presidenciales, el \u00ab\u00fanico candidato\u00bb de la extrema derecha es \u00abla guerra el\u00e9ctrica\u00bb, escenario que promueven con la intenci\u00f3n de generar un clima de desestabilizaci\u00f3n en Venezuela.<\/p>\n\n\n\n<p>\u00abEllos no tienen un candidato porque nadie conf\u00eda en ninguno de los nueve patarucos. Su \u00fanico candidato es hablar peste y generar rabia en la gente\u00bb, asever\u00f3 el presidente de la Rep\u00fablica, Nicol\u00e1s Maduro.<\/p>\n\n\n\n<p>Explic\u00f3 que generar condiciones para causar descontento es una maniobra ya empleada por la derecha en el pasado. En este sentido, record\u00f3 como, bajo la campa\u00f1a \u00abLa \u00faltima cola\u00bb, se utiliz\u00f3 la guerra econ\u00f3mica como bandera electoral en el a\u00f1o 2015.<\/p>\n\n\n\n<p>\u00ab\u00bfCu\u00e1nto da\u00f1o hicieron con la guerra econ\u00f3mica? \u00bfSe acuerdan de la \u00faltima cola? Hay gente con mucha conciencia, pero hay un pueblo que est\u00e1 por las calles preocupado por su vida diaria y a ellos dirigen la guerra\u00bb, puntualiz\u00f3 durante la emisi\u00f3n 51 de su programa \u201cCon Maduro +\u201d.<\/p>\n\n\n\n<p>Previamente, el Jefe de Estado se\u00f1al\u00f3 que, dados los \u00e9xitos demostrables en \u00e1reas como la econom\u00eda y la seguridad ciudadana, la oposici\u00f3n ha demostrado una profunda desesperaci\u00f3n, raz\u00f3n por la cual enfila sus ataques a otros sectores como el el\u00e9ctrico por su incidencia en la calidad de vida de la poblaci\u00f3n.<\/p>\n\n\n\n<p>En este sentido, denunci\u00f3 que la derecha extremista prepara una \u00abguerra el\u00e9ctrica\u00bb para atentar contra la paz, cuyas primeras acciones ya han sido ejecutadas en varios estados de Venezuela.<\/p>\n\n\n\n<p>Apunt\u00f3, sin embargo, que ya autores materiales de los actos de sabotaje contra el Sistema El\u00e9ctrico Nacional (SEN) est\u00e1n convictos, confesos y a las \u00f3rdenes de la justicia venezolana para que sean castigados con todo el peso de la Ley.<\/p>\n\n\n\n<p><strong>Prensa MPPEE \u2013 Corpoelec\/Karelis Gonz\u00e1lez<\/strong><\/p>\n","protected":false},"excerpt":{"rendered":"<p>San Bernardino, Caracas.- A 34 d\u00edas de las elecciones presidenciales, el \u00ab\u00fanico candidato\u00bb de la extrema derecha es \u00abla guerra<\/p>\n","protected":false},"author":22,"featured_media":90726,"comment_status":"closed","ping_status":"closed","sticky":false,"template":"","format":"standard","meta":{"footnotes":""},"categories":[1,15,7],"tags":[11],"class_list":["post-90737","post","type-post","status-publish","format-standard","has-post-thumbnail","hentry","category-mppee","category-nacionales","category-sen","tag-mppee"],"_links":{"self":[{"href":"https:\/\/mppee.gob.ve\/index.php?rest_route=\/wp\/v2\/posts\/90737","targetHints":{"allow":["GET"]}}],"collection":[{"href":"https:\/\/mppee.gob.ve\/index.php?rest_route=\/wp\/v2\/posts"}],"about":[{"href":"https:\/\/mppee.gob.ve\/index.php?rest_route=\/wp\/v2\/types\/post"}],"author":[{"embeddable":true,"href":"https:\/\/mppee.gob.ve\/index.php?rest_route=\/wp\/v2\/users\/22"}],"replies":[{"embeddable":true,"href":"https:\/\/mppee.gob.ve\/index.php?rest_route=%2Fwp%2Fv2%2Fcomments&post=90737"}],"version-history":[{"count":1,"href":"https:\/\/mppee.gob.ve\/index.php?rest_route=\/wp\/v2\/posts\/90737\/revisions"}],"predecessor-version":[{"id":90738,"href":"https:\/\/mppee.gob.ve\/index.php?rest_route=\/wp\/v2\/posts\/90737\/revisions\/90738"}],"wp:featuredmedia":[{"embeddable":true,"href":"https:\/\/mppee.gob.ve\/index.php?rest_route=\/wp\/v2\/media\/90726"}],"wp:attachment":[{"href":"https:\/\/mppee.gob.ve\/index.php?rest_route=%2Fwp%2Fv2%2Fmedia&parent=90737"}],"wp:term":[{"taxonomy":"category","embeddable":true,"href":"https:\/\/mppee.gob.ve\/index.php?rest_route=%2Fwp%2Fv2%2Fcategories&post=90737"},{"taxonomy":"post_tag","embeddable":true,"href":"https:\/\/mppee.gob.ve\/index.php?rest_route=%2Fwp%2Fv2%2Ftags&post=90737"}],"curies":[{"name":"wp","href":"https:\/\/api.w.org\/{rel}","templated":true}]}}