{"id":90743,"date":"2024-06-26T00:35:57","date_gmt":"2024-06-26T00:35:57","guid":{"rendered":"http:\/\/mppee.gob.ve\/?p=90743"},"modified":"2024-06-26T00:35:59","modified_gmt":"2024-06-26T00:35:59","slug":"presidente-maduro-instruyo-la-culminacion-del-parque-eolico-de-paraguana","status":"publish","type":"post","link":"https:\/\/mppee.gob.ve\/?p=90743","title":{"rendered":"Presidente Maduro instruy\u00f3 la culminaci\u00f3n del Parque E\u00f3lico de Paraguan\u00e1"},"content":{"rendered":"\n<p><strong>San Bernardino, Caracas.- <\/strong>En una instrucci\u00f3n dirigida al ministro del Poder Popular para la Energ\u00eda El\u00e9ctrica, Jorge M\u00e1rquez, el presidente de la Rep\u00fablica, Nicol\u00e1s Maduro, orden\u00f3 la creaci\u00f3n de plan para culminar el Parque E\u00f3lico de Paraguan\u00e1, ubicado en Santa Cruz de Los Taques, en el estado Falc\u00f3n.<\/p>\n\n\n\n<p>\u201cMinistro de Energ\u00eda El\u00e9ctrica se me viene ma\u00f1ana, me levanta el plan con los consejos comunales y me pone a funcionar el Parque E\u00f3lico completo, al 100%\u201d, instruy\u00f3 el Mandatario durante un encuentro con el pueblo falconiano.<\/p>\n\n\n\n<p>En reiteradas ocasiones, el Jefe de Estado, ha insistido en el uso de energ\u00edas alternativas, en aras de consolidar la generaci\u00f3n de energ\u00eda electica sostenible para las comunidades del pa\u00eds.<\/p>\n\n\n\n<p>En esta misma l\u00ednea, el presidente Maduro ha instruido la construcci\u00f3n del Parque Solar Mara, para generar 50 megavatios (MW), para el municipio Mara, adem\u00e1s de la instalaci\u00f3n del cable sub lacustre en el municipio Almirante Padilla, en el estado Zulia, para estabilizar el servicio el\u00e9ctrico en la entidad.<\/p>\n\n\n\n<p>En d\u00edas recientes, el Mandatario dio a conocer los avances de un plan para generar 3.000 megavatios para la Regi\u00f3n Los Andes, as\u00ed como la instalaci\u00f3n de una granja solar en El Vig\u00eda, estado M\u00e9rida.<\/p>\n\n\n\n<p><strong>Prensa MPPEE-Corpoelec \/ Joelin Jim\u00e9nez<\/strong><\/p>\n","protected":false},"excerpt":{"rendered":"<p>San Bernardino, Caracas.- En una instrucci\u00f3n dirigida al ministro del Poder Popular para la Energ\u00eda El\u00e9ctrica, Jorge M\u00e1rquez, el presidente<\/p>\n","protected":false},"author":22,"featured_media":90744,"comment_status":"closed","ping_status":"closed","sticky":false,"template":"","format":"standard","meta":{"footnotes":""},"categories":[1,30,7],"tags":[11],"class_list":["post-90743","post","type-post","status-publish","format-standard","has-post-thumbnail","hentry","category-mppee","category-regionales","category-sen","tag-mppee"],"_links":{"self":[{"href":"https:\/\/mppee.gob.ve\/index.php?rest_route=\/wp\/v2\/posts\/90743","targetHints":{"allow":["GET"]}}],"collection":[{"href":"https:\/\/mppee.gob.ve\/index.php?rest_route=\/wp\/v2\/posts"}],"about":[{"href":"https:\/\/mppee.gob.ve\/index.php?rest_route=\/wp\/v2\/types\/post"}],"author":[{"embeddable":true,"href":"https:\/\/mppee.gob.ve\/index.php?rest_route=\/wp\/v2\/users\/22"}],"replies":[{"embeddable":true,"href":"https:\/\/mppee.gob.ve\/index.php?rest_route=%2Fwp%2Fv2%2Fcomments&post=90743"}],"version-history":[{"count":1,"href":"https:\/\/mppee.gob.ve\/index.php?rest_route=\/wp\/v2\/posts\/90743\/revisions"}],"predecessor-version":[{"id":90745,"href":"https:\/\/mppee.gob.ve\/index.php?rest_route=\/wp\/v2\/posts\/90743\/revisions\/90745"}],"wp:featuredmedia":[{"embeddable":true,"href":"https:\/\/mppee.gob.ve\/index.php?rest_route=\/wp\/v2\/media\/90744"}],"wp:attachment":[{"href":"https:\/\/mppee.gob.ve\/index.php?rest_route=%2Fwp%2Fv2%2Fmedia&parent=90743"}],"wp:term":[{"taxonomy":"category","embeddable":true,"href":"https:\/\/mppee.gob.ve\/index.php?rest_route=%2Fwp%2Fv2%2Fcategories&post=90743"},{"taxonomy":"post_tag","embeddable":true,"href":"https:\/\/mppee.gob.ve\/index.php?rest_route=%2Fwp%2Fv2%2Ftags&post=90743"}],"curies":[{"name":"wp","href":"https:\/\/api.w.org\/{rel}","templated":true}]}}