{"id":90750,"date":"2024-06-26T21:20:43","date_gmt":"2024-06-26T21:20:43","guid":{"rendered":"http:\/\/mppee.gob.ve\/?p=90750"},"modified":"2024-06-26T21:23:27","modified_gmt":"2024-06-26T21:23:27","slug":"gobierno-y-pueblo-unidos-para-enaltecer-legado-de-ali-primera","status":"publish","type":"post","link":"https:\/\/mppee.gob.ve\/?p=90750","title":{"rendered":"Gobierno y pueblo unidos para enaltecer legado de Al\u00ed Primera"},"content":{"rendered":"\n<p><strong>Paraguan\u00e1, estado Falc\u00f3n.<\/strong>&#8211; Dando cumplimiento a una instrucci\u00f3n del presidente de la Rep\u00fablica, Nicol\u00e1s Maduro, el vicepresidente Sectorial de Obras P\u00fablicas y Servicios (VSOPS), Jorge M\u00e1rquez, se reuni\u00f3 este mi\u00e9rcoles con voceros del Barrio Al\u00ed Primera, estado Falc\u00f3n, para iniciar la creaci\u00f3n del Circuito Nacional Al\u00ed Primera.<\/p>\n\n\n\n<p>Durante su visita a la Casa Museo Al\u00ed Primera en tierra falconiana el jefe de Estado plante\u00f3 la necesidad de ampliar los espacios para el deleite de propios y extra\u00f1os.<\/p>\n\n\n\n<p>\u201cEs necesario hacer arreglos y ampliaciones a este museo y que este museo tenga una emisora de radio. \u00a1Atenci\u00f3n! Jorge M\u00e1rquez, quiero en tiempo r\u00e9cord el estudio de grabaci\u00f3n y la emisora de radio Al\u00ed Primera, y quiero en tiempo r\u00e9cord que esa emisora nacional, un circuito nacional\u201d, orden\u00f3.<\/p>\n\n\n\n<p>El objetivo es preservar el legado del \u201cCantor del Pueblo\u201d, Al\u00ed Primera, y se suma a la creaci\u00f3n de espacios que afianzan y promueven el sentido de pertenencia de la cultura venezolana en sus ciudadanos.<\/p>\n\n\n\n<p>La Casa Museo Al\u00ed Primera, est\u00e1 ubicada en el municipio Los Taques, en Paraguan\u00e1 estado Falc\u00f3n, y dentro de sus espacios se expone, a trav\u00e9s del arte, la vida y obra del cantautor paraguanero.<\/p>\n\n\n\n<p>La obra musical y po\u00e9tica del \u201cCantor del Pueblo\u201d Al\u00ed Primera, reconocido exponente de la canci\u00f3n popular en el pa\u00eds y la regi\u00f3n, fue declarada en febrero de 2015, Patrimonio Cultural de Caracas por orden de la C\u00e1mara Municipal de la ciudad.<\/p>\n\n\n\n<p>Asimismo, el Mandatario nacional ha insistido en que el Semillero Al\u00ed Primera sea difundido e incorporado en todas las escuelas y liceos de Venezuela, para que las nacientes y futuras generaciones de venezolanos conozcan y mantengan presente el legado musical del \u201cCantor del Pueblo\u201d.<\/p>\n\n\n\n<p><strong>Prensa MPPEE-Corpoelec\/Karla Cotoret<\/strong><\/p>\n","protected":false},"excerpt":{"rendered":"<p>Paraguan\u00e1, estado Falc\u00f3n.&#8211; Dando cumplimiento a una instrucci\u00f3n del presidente de la Rep\u00fablica, Nicol\u00e1s Maduro, el vicepresidente Sectorial de Obras<\/p>\n","protected":false},"author":22,"featured_media":90751,"comment_status":"closed","ping_status":"closed","sticky":false,"template":"","format":"standard","meta":{"footnotes":""},"categories":[30],"tags":[327],"class_list":["post-90750","post","type-post","status-publish","format-standard","has-post-thumbnail","hentry","category-regionales","tag-vsops"],"_links":{"self":[{"href":"https:\/\/mppee.gob.ve\/index.php?rest_route=\/wp\/v2\/posts\/90750","targetHints":{"allow":["GET"]}}],"collection":[{"href":"https:\/\/mppee.gob.ve\/index.php?rest_route=\/wp\/v2\/posts"}],"about":[{"href":"https:\/\/mppee.gob.ve\/index.php?rest_route=\/wp\/v2\/types\/post"}],"author":[{"embeddable":true,"href":"https:\/\/mppee.gob.ve\/index.php?rest_route=\/wp\/v2\/users\/22"}],"replies":[{"embeddable":true,"href":"https:\/\/mppee.gob.ve\/index.php?rest_route=%2Fwp%2Fv2%2Fcomments&post=90750"}],"version-history":[{"count":1,"href":"https:\/\/mppee.gob.ve\/index.php?rest_route=\/wp\/v2\/posts\/90750\/revisions"}],"predecessor-version":[{"id":90752,"href":"https:\/\/mppee.gob.ve\/index.php?rest_route=\/wp\/v2\/posts\/90750\/revisions\/90752"}],"wp:featuredmedia":[{"embeddable":true,"href":"https:\/\/mppee.gob.ve\/index.php?rest_route=\/wp\/v2\/media\/90751"}],"wp:attachment":[{"href":"https:\/\/mppee.gob.ve\/index.php?rest_route=%2Fwp%2Fv2%2Fmedia&parent=90750"}],"wp:term":[{"taxonomy":"category","embeddable":true,"href":"https:\/\/mppee.gob.ve\/index.php?rest_route=%2Fwp%2Fv2%2Fcategories&post=90750"},{"taxonomy":"post_tag","embeddable":true,"href":"https:\/\/mppee.gob.ve\/index.php?rest_route=%2Fwp%2Fv2%2Ftags&post=90750"}],"curies":[{"name":"wp","href":"https:\/\/api.w.org\/{rel}","templated":true}]}}