{"id":90758,"date":"2024-06-27T22:43:52","date_gmt":"2024-06-27T22:43:52","guid":{"rendered":"http:\/\/mppee.gob.ve\/?p=90758"},"modified":"2024-06-27T22:43:53","modified_gmt":"2024-06-27T22:43:53","slug":"ministro-marquez-atiende-personalmente-comunidad-de-potrerito-tras-nuevo-ataque-al-sen","status":"publish","type":"post","link":"https:\/\/mppee.gob.ve\/?p=90758","title":{"rendered":"Ministro M\u00e1rquez atiende personalmente comunidad de Potrerito tras nuevo ataque al SEN"},"content":{"rendered":"\n<p><strong>Municipio La Ca\u00f1ada de Urdaneta, estado Zulia.-<\/strong> Tras un nuevo acto de sabotaje contra el Sistema El\u00e9ctrico Nacional (SEN), el ministro del Poder Popular para la Energ\u00eda El\u00e9ctrica, Jorge M\u00e1rquez, se traslad\u00f3 al sector Potrerito, ubicado en el municipio La Ca\u00f1ada de Urdaneta, estado Zulia, para atender a la comunidad, luego del derrumbe inducido a la torre de alta tensi\u00f3n N\u00b0 89 que interrumpi\u00f3 el servicio.<\/p>\n\n\n\n<p>El tambi\u00e9n Vicepresidente Sectorial de Obras P\u00fablicas y Servicios atendi\u00f3 personalmente a la comunidad afectada por este nuevo acto de sabotaje, provocado por la extrema derecha, en la entidad.<\/p>\n\n\n\n<p>Durante el recorrido por la comunidad, M\u00e1rquez inform\u00f3 que la fuerza trabajadora de la Corporaci\u00f3n El\u00e9ctrica Nacional (Corpoelec), realiza las labores correspondientes \u201cpara que estos habitantes del municipio puedan tener su servicio el\u00e9ctrico durante estos d\u00edas, mientras nosotros hacemos las reparaciones de envergadura\u201d.<\/p>\n\n\n\n<p>Previamente, el presidente de la Rep\u00fablica Bolivariana de Venezuela, Nicol\u00e1s Maduro, durante un encuentro con el pueblo zuliano, denunci\u00f3 agresiones contra el servicio el\u00e9ctrico, el segundo registrado en el estado occidental en el mes de junio.<\/p>\n\n\n\n<p>El pasado mi\u00e9rcoles 19, en la comunidad de Bachaquero se registr\u00f3 un acto terrorista en una torre de alta tensi\u00f3n.<br>Tras los trabajos en la populosa zona de Bachaquero, Corpoelec restableci\u00f3 en tiempo r\u00e9cord el servicio el\u00e9ctrico en ese sector de la Costa Oriental del Lago.<\/p>\n\n\n\n<p><strong>Prensa MPPEE-Corpoelec \/Joelin Jim\u00e9nez<\/strong><\/p>\n","protected":false},"excerpt":{"rendered":"<p>Municipio La Ca\u00f1ada de Urdaneta, estado Zulia.- Tras un nuevo acto de sabotaje contra el Sistema El\u00e9ctrico Nacional (SEN), el<\/p>\n","protected":false},"author":22,"featured_media":90759,"comment_status":"closed","ping_status":"closed","sticky":false,"template":"","format":"standard","meta":{"footnotes":""},"categories":[1,15,7],"tags":[11],"class_list":["post-90758","post","type-post","status-publish","format-standard","has-post-thumbnail","hentry","category-mppee","category-nacionales","category-sen","tag-mppee"],"_links":{"self":[{"href":"https:\/\/mppee.gob.ve\/index.php?rest_route=\/wp\/v2\/posts\/90758","targetHints":{"allow":["GET"]}}],"collection":[{"href":"https:\/\/mppee.gob.ve\/index.php?rest_route=\/wp\/v2\/posts"}],"about":[{"href":"https:\/\/mppee.gob.ve\/index.php?rest_route=\/wp\/v2\/types\/post"}],"author":[{"embeddable":true,"href":"https:\/\/mppee.gob.ve\/index.php?rest_route=\/wp\/v2\/users\/22"}],"replies":[{"embeddable":true,"href":"https:\/\/mppee.gob.ve\/index.php?rest_route=%2Fwp%2Fv2%2Fcomments&post=90758"}],"version-history":[{"count":1,"href":"https:\/\/mppee.gob.ve\/index.php?rest_route=\/wp\/v2\/posts\/90758\/revisions"}],"predecessor-version":[{"id":90760,"href":"https:\/\/mppee.gob.ve\/index.php?rest_route=\/wp\/v2\/posts\/90758\/revisions\/90760"}],"wp:featuredmedia":[{"embeddable":true,"href":"https:\/\/mppee.gob.ve\/index.php?rest_route=\/wp\/v2\/media\/90759"}],"wp:attachment":[{"href":"https:\/\/mppee.gob.ve\/index.php?rest_route=%2Fwp%2Fv2%2Fmedia&parent=90758"}],"wp:term":[{"taxonomy":"category","embeddable":true,"href":"https:\/\/mppee.gob.ve\/index.php?rest_route=%2Fwp%2Fv2%2Fcategories&post=90758"},{"taxonomy":"post_tag","embeddable":true,"href":"https:\/\/mppee.gob.ve\/index.php?rest_route=%2Fwp%2Fv2%2Ftags&post=90758"}],"curies":[{"name":"wp","href":"https:\/\/api.w.org\/{rel}","templated":true}]}}