{"id":90784,"date":"2024-06-30T00:30:43","date_gmt":"2024-06-30T00:30:43","guid":{"rendered":"http:\/\/mppee.gob.ve\/?p=90784"},"modified":"2024-06-30T00:30:45","modified_gmt":"2024-06-30T00:30:45","slug":"ministro-marquez-supervisa-sistemas-de-generacion-y-distribucion-electrica-en-el-zulia","status":"publish","type":"post","link":"https:\/\/mppee.gob.ve\/?p=90784","title":{"rendered":"Ministro M\u00e1rquez supervisa sistemas de generaci\u00f3n y distribuci\u00f3n el\u00e9ctrica en el Zulia"},"content":{"rendered":"\n<div class=\"wp-block-group\"><div class=\"wp-block-group__inner-container is-layout-constrained wp-block-group-is-layout-constrained\">\n<div class=\"wp-block-columns is-layout-flex wp-container-core-columns-is-layout-9d6595d7 wp-block-columns-is-layout-flex\">\n<div class=\"wp-block-column is-layout-flow wp-block-column-is-layout-flow\" style=\"flex-basis:100%\">\n<p><strong>Maracaibo, estado Zulia.-<\/strong> Avanzar en la optimizaci\u00f3n de las infraestructuras el\u00e9ctricas es la premisa que gu\u00eda la jornada de supervisi\u00f3n que encabez\u00f3, este s\u00e1bado, el ministro del Poder Popular para la Energ\u00eda El\u00e9ctrica, Jorge M\u00e1rquez, en sistemas de generaci\u00f3n y distribuci\u00f3n de energ\u00eda en el eje Maracaibo \u2013 Mara, localizado en el estado Zulia.<\/p>\n<p> <\/p>\n<p>En compa\u00f1\u00eda de la clase trabajadora de la Corporaci\u00f3n El\u00e9ctrica Nacional (Corpoelec), recorri\u00f3 las instalaciones del Complejo Termoel\u00e9ctrico G\/J Rafael Urdaneta, espec\u00edficamente las unidades de la Planta de Ciclo Combinado Termozulia I, situada en La Ca\u00f1ada de Urdaneta.<\/p>\n<p>Asimismo, constat\u00f3 las labores de recuperaci\u00f3n que se realizan en las subestaciones el\u00e9ctricas Mara y Las Peon\u00edas, ambas en el municipio Mara, y la subestaci\u00f3n Santa B\u00e1rbara, ubicada en el Sur del Lago de Maracaibo.<\/p>\n<p>Dentro de la jornada de supervisi\u00f3n, el tambi\u00e9n vicepresidente de Obras P\u00fablicas y Servicios constat\u00f3 la operatividad de las redes de distribuci\u00f3n en la v\u00eda que une a los municipios Maracaibo y Mara, este \u00faltimo recientemente v\u00edctima de ataques con el derrumbe inducido de la torre de alta tensi\u00f3n Nro. 89 que afect\u00f3 el servicio el\u00e9ctrico en el sector Potrerito.<\/p>\n<p> <\/p>\n<p>Precisamente, desde el municipio Mara, instruy\u00f3 profundizar las acciones destinadas a fortalecer las capacidades del SEN en aras de garantizar un servicio eficiente y confiable.<\/p>\n<p>En d\u00edas pasados, la infraestructura el\u00e9ctrica del Zulia ha sido blanco de maniobras terroristas por parte de factores asociados a la derecha venezolana, que apuntan a generar un escenario de caos en v\u00edsperas de las elecciones presidenciales, pautadas para el domingo 28 de julio.<\/p>\n<p> <\/p>\n<p><strong>Atenci\u00f3n al eje Alta Guajira<\/strong><\/p>\n<p> <\/p>\n<p>Previamente, la clase trabajadora de la Corporaci\u00f3n El\u00e9ctrica Nacional (Corpoelec) complet\u00f3 la instalaci\u00f3n de 88 transformadores, reemplazo de 64 cortadores y 8.400 metros de conductor, as\u00ed como la sustituci\u00f3n de 41 postes.<\/p>\n<p> <\/p>\n<p>Asimismo, se despleg\u00f3 el Plan Pica y Poda en 40 kil\u00f3metros para liberar las l\u00edneas de transmisi\u00f3n el\u00e9ctrica.<br \/>Durante las supervisiones el Ministro estuvo acompa\u00f1ado del presidente de Corpoelec, Jos\u00e9 Luis Betancourt.<\/p>\n<p> <\/p>\n<p><strong>Prensa MPPEE \u2013 Corpoelec\/Karelis Gonz\u00e1lez<\/strong><\/p>\n<\/div>\n<\/div>\n<\/div><\/div>\n","protected":false},"excerpt":{"rendered":"<p>Maracaibo, estado Zulia.- Avanzar en la optimizaci\u00f3n de las infraestructuras el\u00e9ctricas es la premisa que gu\u00eda la jornada de supervisi\u00f3n<\/p>\n","protected":false},"author":22,"featured_media":90790,"comment_status":"closed","ping_status":"closed","sticky":false,"template":"","format":"standard","meta":{"footnotes":""},"categories":[1,15,7],"tags":[11],"class_list":["post-90784","post","type-post","status-publish","format-standard","has-post-thumbnail","hentry","category-mppee","category-nacionales","category-sen","tag-mppee"],"_links":{"self":[{"href":"https:\/\/mppee.gob.ve\/index.php?rest_route=\/wp\/v2\/posts\/90784","targetHints":{"allow":["GET"]}}],"collection":[{"href":"https:\/\/mppee.gob.ve\/index.php?rest_route=\/wp\/v2\/posts"}],"about":[{"href":"https:\/\/mppee.gob.ve\/index.php?rest_route=\/wp\/v2\/types\/post"}],"author":[{"embeddable":true,"href":"https:\/\/mppee.gob.ve\/index.php?rest_route=\/wp\/v2\/users\/22"}],"replies":[{"embeddable":true,"href":"https:\/\/mppee.gob.ve\/index.php?rest_route=%2Fwp%2Fv2%2Fcomments&post=90784"}],"version-history":[{"count":1,"href":"https:\/\/mppee.gob.ve\/index.php?rest_route=\/wp\/v2\/posts\/90784\/revisions"}],"predecessor-version":[{"id":90791,"href":"https:\/\/mppee.gob.ve\/index.php?rest_route=\/wp\/v2\/posts\/90784\/revisions\/90791"}],"wp:featuredmedia":[{"embeddable":true,"href":"https:\/\/mppee.gob.ve\/index.php?rest_route=\/wp\/v2\/media\/90790"}],"wp:attachment":[{"href":"https:\/\/mppee.gob.ve\/index.php?rest_route=%2Fwp%2Fv2%2Fmedia&parent=90784"}],"wp:term":[{"taxonomy":"category","embeddable":true,"href":"https:\/\/mppee.gob.ve\/index.php?rest_route=%2Fwp%2Fv2%2Fcategories&post=90784"},{"taxonomy":"post_tag","embeddable":true,"href":"https:\/\/mppee.gob.ve\/index.php?rest_route=%2Fwp%2Fv2%2Ftags&post=90784"}],"curies":[{"name":"wp","href":"https:\/\/api.w.org\/{rel}","templated":true}]}}