{"id":90792,"date":"2024-06-30T00:44:02","date_gmt":"2024-06-30T00:44:02","guid":{"rendered":"http:\/\/mppee.gob.ve\/?p=90792"},"modified":"2024-06-30T00:44:03","modified_gmt":"2024-06-30T00:44:03","slug":"clase-obrera-da-un-paso-adelante-en-defensa-del-sen","status":"publish","type":"post","link":"https:\/\/mppee.gob.ve\/?p=90792","title":{"rendered":"Clase obrera da un paso adelante en defensa del SEN"},"content":{"rendered":"\n<p><strong>an Bernardino, Caracas.-<\/strong> A los ataques de sectores extremistas, la clase obrera del Sistema El\u00e9ctrico Nacional (SEN) tiene una respuesta: avanzar con eficiencia y calidad para garantizar la estabilidad del servicio el\u00e9ctrico.<\/p>\n\n\n\n<p>En esa misi\u00f3n no est\u00e1n solos. A su lado, como un trabajador m\u00e1s, camina el ministro Jorge M\u00e1rquez, quien defiende la unidad como un pilar para alcanzar los objetivos, incluso aquellos que parecen m\u00e1s cuesta arriba. No existen excusas, solo la profunda convicci\u00f3n de que juntos podemos vencer.<\/p>\n\n\n\n<p>No extra\u00f1a entonces que, al visitar infraestructuras el\u00e9ctricas, su primer saludo vaya dirigido a los verdaderos art\u00edfices del milagro de la recuperaci\u00f3n nacional: los trabajadores, aquellos silenciosos h\u00e9roes que, mientras la mayor\u00eda duerme, est\u00e1n en las calles atendiendo aver\u00edas, supervisando subestaciones y, en definitiva, velando porque la electricidad llegue sin interrupciones a los hogares venezolanos.<\/p>\n\n\n\n<p>M\u00e1rquez, desprendido de su investidura como ministro del Poder Popular para la Energ\u00eda El\u00e9ctrica, no solo se queda como un espectador. Tambi\u00e9n aporta ideas, se involucra activamente en las labores que se est\u00e9n desarrollando, escucha atentamente las explicaciones que tienen a bien ofrecerle los m\u00e1s experimentados en la materia. Es la expresi\u00f3n tangible del trabajo en equipo, ese que es garant\u00eda de victoria en medio de los escenarios m\u00e1s exigentes.<\/p>\n\n\n\n<p>Sus palabras suelen ser breves, pero no carentes de contundencia. No para reprender, sino para reconocer el esfuerzo incalculable que realizan a favor del pueblo que, como dijera en alguna ocasi\u00f3n, tanto nos necesita.<\/p>\n\n\n\n<p>Todo ello es reflejo de que aprendi\u00f3 bien del ejemplo de dos grandes referentes: Hugo Ch\u00e1vez y Nicol\u00e1s Maduro, efensores a capa y espada del motor del crecimiento de la Patria.<\/p>\n\n\n\n<p><strong>Prensa MPPEE\u2013Corpoelec\/Karelis Gonz\u00e1lez<\/strong><\/p>\n","protected":false},"excerpt":{"rendered":"<p>an Bernardino, Caracas.- A los ataques de sectores extremistas, la clase obrera del Sistema El\u00e9ctrico Nacional (SEN) tiene una respuesta:<\/p>\n","protected":false},"author":22,"featured_media":90793,"comment_status":"closed","ping_status":"closed","sticky":false,"template":"","format":"standard","meta":{"footnotes":""},"categories":[1,15,7],"tags":[],"class_list":["post-90792","post","type-post","status-publish","format-standard","has-post-thumbnail","hentry","category-mppee","category-nacionales","category-sen"],"_links":{"self":[{"href":"https:\/\/mppee.gob.ve\/index.php?rest_route=\/wp\/v2\/posts\/90792","targetHints":{"allow":["GET"]}}],"collection":[{"href":"https:\/\/mppee.gob.ve\/index.php?rest_route=\/wp\/v2\/posts"}],"about":[{"href":"https:\/\/mppee.gob.ve\/index.php?rest_route=\/wp\/v2\/types\/post"}],"author":[{"embeddable":true,"href":"https:\/\/mppee.gob.ve\/index.php?rest_route=\/wp\/v2\/users\/22"}],"replies":[{"embeddable":true,"href":"https:\/\/mppee.gob.ve\/index.php?rest_route=%2Fwp%2Fv2%2Fcomments&post=90792"}],"version-history":[{"count":1,"href":"https:\/\/mppee.gob.ve\/index.php?rest_route=\/wp\/v2\/posts\/90792\/revisions"}],"predecessor-version":[{"id":90794,"href":"https:\/\/mppee.gob.ve\/index.php?rest_route=\/wp\/v2\/posts\/90792\/revisions\/90794"}],"wp:featuredmedia":[{"embeddable":true,"href":"https:\/\/mppee.gob.ve\/index.php?rest_route=\/wp\/v2\/media\/90793"}],"wp:attachment":[{"href":"https:\/\/mppee.gob.ve\/index.php?rest_route=%2Fwp%2Fv2%2Fmedia&parent=90792"}],"wp:term":[{"taxonomy":"category","embeddable":true,"href":"https:\/\/mppee.gob.ve\/index.php?rest_route=%2Fwp%2Fv2%2Fcategories&post=90792"},{"taxonomy":"post_tag","embeddable":true,"href":"https:\/\/mppee.gob.ve\/index.php?rest_route=%2Fwp%2Fv2%2Ftags&post=90792"}],"curies":[{"name":"wp","href":"https:\/\/api.w.org\/{rel}","templated":true}]}}