{"id":90800,"date":"2024-06-30T01:31:26","date_gmt":"2024-06-30T01:31:26","guid":{"rendered":"http:\/\/mppee.gob.ve\/?p=90800"},"modified":"2024-06-30T01:31:28","modified_gmt":"2024-06-30T01:31:28","slug":"en-compania-del-poder-popular-ministro-marquez-supervisa-instalacion-del-parque-solar-en-mara","status":"publish","type":"post","link":"https:\/\/mppee.gob.ve\/?p=90800","title":{"rendered":"En compa\u00f1\u00eda del Poder Popular ministro M\u00e1rquez supervisa instalaci\u00f3n del Parque Solar en Mara"},"content":{"rendered":"\n<p><strong>Municipio Mara, estado Zulia.- <\/strong>Dando cumplimiento a las instrucciones del presidente de la Rep\u00fablica, Nicol\u00e1s Maduro, el ministro para la Energ\u00eda El\u00e9ctrica, Jorge M\u00e1rquez, en compa\u00f1\u00eda del Poder Popular marabino, inform\u00f3 este s\u00e1bado que iniciaron los trabajos para construir el Parque Solar Mara.<\/p>\n\n\n\n<p>\u201cEstoy con la comunidad en la subestaci\u00f3n Mara supervisando los trabajos de la construcci\u00f3n del Parque Solar que vamos a construir en estos espacios\u201d, anunci\u00f3 el Ministro.<\/p>\n\n\n\n<p>Este parque de paneles fotovoltaicos, con capacidad de 50 megavatios (MW) de generaci\u00f3n, permitir\u00e1 optimizar el servicio el\u00e9ctrico en la regi\u00f3n zuliana.<\/p>\n\n\n\n<p>Al respecto, la vocera de la Unidad de Batalla Bol\u00edvar-Ch\u00e1vez (UBCh) \u201cArmando Molero\u201d agradeci\u00f3 la iniciativa del Ejecutivo Nacional para mejorar la calidad de vida del pueblo zuliano.<\/p>\n\n\n\n<p>\u201cHoy comenzamos con los trabajos del parque el\u00e9ctrico, aqu\u00ed lo esperamos para su inauguraci\u00f3n se\u00f1or Presidente. Cuente con nosotros el 28 de julio. Usted nos prometi\u00f3 que construir\u00eda este parque y lo cumpli\u00f3\u201d, enfatiz\u00f3.<\/p>\n\n\n\n<p>Este Parque Solar estar\u00e1 situado en la Subestaci\u00f3n (S\/E) Mara del sector Campo Mara, una de las regiones m\u00e1s afectadas por los constantes ataques al Sistema El\u00e9ctrico Nacional (SEN).<\/p>\n\n\n\n<p>Esta pr\u00f3xima obra de la Revoluci\u00f3n Bolivariana, a trav\u00e9s del Ministerio del Poder Popular para Energ\u00eda El\u00e9ctrica (MPPEE), se ejecutar\u00e1 en un lapso de 10 meses para responder a las necesidades del pueblo zuliano en materia energ\u00e9tica.<\/p>\n\n\n\n<p><strong>Prensa MPPEE-Corpoelec\/Karla Cotoret<\/strong><\/p>\n","protected":false},"excerpt":{"rendered":"<p>Municipio Mara, estado Zulia.- Dando cumplimiento a las instrucciones del presidente de la Rep\u00fablica, Nicol\u00e1s Maduro, el ministro para la<\/p>\n","protected":false},"author":22,"featured_media":90801,"comment_status":"closed","ping_status":"closed","sticky":false,"template":"","format":"standard","meta":{"footnotes":""},"categories":[1,15,7],"tags":[11],"class_list":["post-90800","post","type-post","status-publish","format-standard","has-post-thumbnail","hentry","category-mppee","category-nacionales","category-sen","tag-mppee"],"_links":{"self":[{"href":"https:\/\/mppee.gob.ve\/index.php?rest_route=\/wp\/v2\/posts\/90800","targetHints":{"allow":["GET"]}}],"collection":[{"href":"https:\/\/mppee.gob.ve\/index.php?rest_route=\/wp\/v2\/posts"}],"about":[{"href":"https:\/\/mppee.gob.ve\/index.php?rest_route=\/wp\/v2\/types\/post"}],"author":[{"embeddable":true,"href":"https:\/\/mppee.gob.ve\/index.php?rest_route=\/wp\/v2\/users\/22"}],"replies":[{"embeddable":true,"href":"https:\/\/mppee.gob.ve\/index.php?rest_route=%2Fwp%2Fv2%2Fcomments&post=90800"}],"version-history":[{"count":1,"href":"https:\/\/mppee.gob.ve\/index.php?rest_route=\/wp\/v2\/posts\/90800\/revisions"}],"predecessor-version":[{"id":90802,"href":"https:\/\/mppee.gob.ve\/index.php?rest_route=\/wp\/v2\/posts\/90800\/revisions\/90802"}],"wp:featuredmedia":[{"embeddable":true,"href":"https:\/\/mppee.gob.ve\/index.php?rest_route=\/wp\/v2\/media\/90801"}],"wp:attachment":[{"href":"https:\/\/mppee.gob.ve\/index.php?rest_route=%2Fwp%2Fv2%2Fmedia&parent=90800"}],"wp:term":[{"taxonomy":"category","embeddable":true,"href":"https:\/\/mppee.gob.ve\/index.php?rest_route=%2Fwp%2Fv2%2Fcategories&post=90800"},{"taxonomy":"post_tag","embeddable":true,"href":"https:\/\/mppee.gob.ve\/index.php?rest_route=%2Fwp%2Fv2%2Ftags&post=90800"}],"curies":[{"name":"wp","href":"https:\/\/api.w.org\/{rel}","templated":true}]}}