{"id":90828,"date":"2024-07-04T00:16:49","date_gmt":"2024-07-04T00:16:49","guid":{"rendered":"http:\/\/mppee.gob.ve\/?p=90828"},"modified":"2024-07-04T02:34:58","modified_gmt":"2024-07-04T02:34:58","slug":"ministro-marquez-recorrio-zonas-afectadas-y-superviso-restablecimiento-de-servicio-electrico-en-cumanacoa","status":"publish","type":"post","link":"https:\/\/mppee.gob.ve\/?p=90828","title":{"rendered":"Ministro M\u00e1rquez recorri\u00f3 zonas afectadas y supervis\u00f3 restablecimiento de servicio el\u00e9ctrico en Cumanacoa"},"content":{"rendered":"\n<p><strong>Cumanacoa, estado Sucre.-<\/strong> Tras las intensas lluvias e inundaciones que afectaron a Cumanacoa en el estado Sucre, el pasado martes 02 de julio, el ministro del Poder Popular para la Energ\u00eda El\u00e9ctrica, Jorge M\u00e1rquez, visit\u00f3 las zonas afectadas para constatar el funcionamiento del servicio el\u00e9ctrico en la localidad.<\/p>\n\n\n\n<p>Durante su recorrido, el tambi\u00e9n Vicepresidente Sectorial de Obras P\u00fablicas y Servicios, expres\u00f3 su solidaridad con los habitantes de Cumanacoa, localidad oriental del municipio Montes, al tiempo que conoci\u00f3 personalmente las prioridades de las zonas afectadas.<\/p>\n\n\n\n<p>Previamente, durante una jornada de trabajo para dar balance de las lluvias en la regi\u00f3n oriental, M\u00e1rquez inform\u00f3 que el servicio el\u00e9ctrico fue restablecido en su totalidad en los sectores afectados, al tiempo que confirm\u00f3 que los circuitos que estaban ca\u00eddos fueron recuperados desde la madrugada de este mi\u00e9rcoles 3 de julio.<\/p>\n\n\n\n<p>Asimismo, el presidente de la Rep\u00fablica, Nicol\u00e1s Maduro, respald\u00f3 la iniciativa de ofrecer el servicio de Internet y llamadas gratis para Cumanacoa, a trav\u00e9s de las diferentes operadoras (Movilnet, Movistar, Digitel y Cantv).<\/p>\n\n\n\n<p>Gracias a las acciones preventivas del Gobierno Bolivariano, se atendi\u00f3 a las comunidades afectadas tras el paso de la Onda Tropical N\u00b0 17 y el hurac\u00e1n Beryl, as\u00ed como tambi\u00e9n se mantienen desplegados en el territorio m\u00e1s de 2.600 funcionarios de protecci\u00f3n, bomberos, Ven 911, polic\u00eda estadal y municipal, adem\u00e1s de efectivos de la Fuerza Armada Nacional Bolivariana (FANB).<\/p>\n\n\n\n<p><strong>Prensa MPPEE-Corpoelec \/ Joelin Jim\u00e9nez<\/strong><\/p>\n","protected":false},"excerpt":{"rendered":"<p>Cumanacoa, estado Sucre.- Tras las intensas lluvias e inundaciones que afectaron a Cumanacoa en el estado Sucre, el pasado martes<\/p>\n","protected":false},"author":22,"featured_media":90833,"comment_status":"closed","ping_status":"closed","sticky":false,"template":"","format":"standard","meta":{"footnotes":""},"categories":[1,15,7],"tags":[],"class_list":["post-90828","post","type-post","status-publish","format-standard","has-post-thumbnail","hentry","category-mppee","category-nacionales","category-sen"],"_links":{"self":[{"href":"https:\/\/mppee.gob.ve\/index.php?rest_route=\/wp\/v2\/posts\/90828","targetHints":{"allow":["GET"]}}],"collection":[{"href":"https:\/\/mppee.gob.ve\/index.php?rest_route=\/wp\/v2\/posts"}],"about":[{"href":"https:\/\/mppee.gob.ve\/index.php?rest_route=\/wp\/v2\/types\/post"}],"author":[{"embeddable":true,"href":"https:\/\/mppee.gob.ve\/index.php?rest_route=\/wp\/v2\/users\/22"}],"replies":[{"embeddable":true,"href":"https:\/\/mppee.gob.ve\/index.php?rest_route=%2Fwp%2Fv2%2Fcomments&post=90828"}],"version-history":[{"count":1,"href":"https:\/\/mppee.gob.ve\/index.php?rest_route=\/wp\/v2\/posts\/90828\/revisions"}],"predecessor-version":[{"id":90832,"href":"https:\/\/mppee.gob.ve\/index.php?rest_route=\/wp\/v2\/posts\/90828\/revisions\/90832"}],"wp:featuredmedia":[{"embeddable":true,"href":"https:\/\/mppee.gob.ve\/index.php?rest_route=\/wp\/v2\/media\/90833"}],"wp:attachment":[{"href":"https:\/\/mppee.gob.ve\/index.php?rest_route=%2Fwp%2Fv2%2Fmedia&parent=90828"}],"wp:term":[{"taxonomy":"category","embeddable":true,"href":"https:\/\/mppee.gob.ve\/index.php?rest_route=%2Fwp%2Fv2%2Fcategories&post=90828"},{"taxonomy":"post_tag","embeddable":true,"href":"https:\/\/mppee.gob.ve\/index.php?rest_route=%2Fwp%2Fv2%2Ftags&post=90828"}],"curies":[{"name":"wp","href":"https:\/\/api.w.org\/{rel}","templated":true}]}}