{"id":90836,"date":"2024-07-06T00:33:06","date_gmt":"2024-07-06T00:33:06","guid":{"rendered":"http:\/\/mppee.gob.ve\/?p=90836"},"modified":"2024-07-07T18:32:31","modified_gmt":"2024-07-07T18:32:31","slug":"presidente-denuncia-que-ultraderecha-venezolana-contacto-grupo-paramilitar-para-atacar-el-sen","status":"publish","type":"post","link":"https:\/\/mppee.gob.ve\/?p=90836","title":{"rendered":"Presidente denuncia que ultraderecha venezolana contact\u00f3 grupo paramilitar para atacar el SEN"},"content":{"rendered":"\n<p><strong>Parroquia Urimare, La Guaira.-<\/strong> El presidente de la Rep\u00fablica, Nicol\u00e1s Maduro, denunci\u00f3 que el grupo paramilitar colombiano \u201cAutodefensas Conquistadoras de la Sierra\u201d (ACSN), fue contactado por la ultraderecha venezolana para atacar el Sistema El\u00e9ctrico Nacional (SEN) y generar caos en el pa\u00eds, de cara a los comicios presidenciales a realizarse el pr\u00f3ximo 28 de julio.<\/p>\n\n\n\n<p>\u201cEl grupo paramilitar fue contactado por gente de la ultraderecha venezolana para ingresar unos mil hombres para generar violencia en los estados fronterizos, atacar el servicio el\u00e9ctrico y cuando ellos griten fraude el 28 de julio entrar a generar la sensaci\u00f3n de una guerra civil dentro de Venezuela\u201d, afirm\u00f3 el Mandatario desde la sede de la Radio Urimare 101.1 FM, ubicada en la Comuna Socialista \u201cComandante Hugo Ch\u00e1vez\u201d, en La Guaira.<\/p>\n\n\n\n<p>Durante una nueva emisi\u00f3n del programa radial \u201cCon Maduro de Repente\u201d, subray\u00f3 que la informaci\u00f3n fue difundida por la p\u00e1gina web oficial del grupo paramilitar colombiano, al tiempo que destac\u00f3 que \u201cnosotros tenemos muchas fuentes de inteligencia y las manejamos con prudencia, con sapiencia, con sabidur\u00eda\u201d.<\/p>\n\n\n\n<p>En este sentido, exhort\u00f3 al fiscal general de la Rep\u00fablica, Tarek William Saab, asumir la investigaci\u00f3n con el profesionalismo, la calidad investigativa y la capacidad del Ministerio P\u00fablico venezolano, \u201cporque es muy grave\u201d.<\/p>\n\n\n\n<p>En este orden de ideas, puntualiz\u00f3 que, la veracidad del video difundido por el grupo paramilitar est\u00e1 comprobada por las fuentes de inteligencia colombiana.<\/p>\n\n\n\n<p>Igualmente ratific\u00f3 que, \u00abVenezuela est\u00e1 dando una batalla por el derecho a la paz (\u2026) y nadie va a embochinchar Venezuela, se los aseguro\u201d, concluy\u00f3.<\/p>\n\n\n\n<p><strong>Prensa MPPEE-Corpoelec \/ Joelin Jim\u00e9nez<\/strong><\/p>\n","protected":false},"excerpt":{"rendered":"<p>Parroquia Urimare, La Guaira.- El presidente de la Rep\u00fablica, Nicol\u00e1s Maduro, denunci\u00f3 que el grupo paramilitar colombiano \u201cAutodefensas Conquistadoras de<\/p>\n","protected":false},"author":22,"featured_media":90837,"comment_status":"closed","ping_status":"closed","sticky":false,"template":"","format":"standard","meta":{"footnotes":""},"categories":[1,15,7],"tags":[11,46],"class_list":["post-90836","post","type-post","status-publish","format-standard","has-post-thumbnail","hentry","category-mppee","category-nacionales","category-sen","tag-mppee","tag-venezuela"],"_links":{"self":[{"href":"https:\/\/mppee.gob.ve\/index.php?rest_route=\/wp\/v2\/posts\/90836","targetHints":{"allow":["GET"]}}],"collection":[{"href":"https:\/\/mppee.gob.ve\/index.php?rest_route=\/wp\/v2\/posts"}],"about":[{"href":"https:\/\/mppee.gob.ve\/index.php?rest_route=\/wp\/v2\/types\/post"}],"author":[{"embeddable":true,"href":"https:\/\/mppee.gob.ve\/index.php?rest_route=\/wp\/v2\/users\/22"}],"replies":[{"embeddable":true,"href":"https:\/\/mppee.gob.ve\/index.php?rest_route=%2Fwp%2Fv2%2Fcomments&post=90836"}],"version-history":[{"count":4,"href":"https:\/\/mppee.gob.ve\/index.php?rest_route=\/wp\/v2\/posts\/90836\/revisions"}],"predecessor-version":[{"id":90854,"href":"https:\/\/mppee.gob.ve\/index.php?rest_route=\/wp\/v2\/posts\/90836\/revisions\/90854"}],"wp:featuredmedia":[{"embeddable":true,"href":"https:\/\/mppee.gob.ve\/index.php?rest_route=\/wp\/v2\/media\/90837"}],"wp:attachment":[{"href":"https:\/\/mppee.gob.ve\/index.php?rest_route=%2Fwp%2Fv2%2Fmedia&parent=90836"}],"wp:term":[{"taxonomy":"category","embeddable":true,"href":"https:\/\/mppee.gob.ve\/index.php?rest_route=%2Fwp%2Fv2%2Fcategories&post=90836"},{"taxonomy":"post_tag","embeddable":true,"href":"https:\/\/mppee.gob.ve\/index.php?rest_route=%2Fwp%2Fv2%2Ftags&post=90836"}],"curies":[{"name":"wp","href":"https:\/\/api.w.org\/{rel}","templated":true}]}}