{"id":90869,"date":"2024-07-08T23:07:16","date_gmt":"2024-07-08T23:07:16","guid":{"rendered":"http:\/\/mppee.gob.ve\/?p=90869"},"modified":"2024-07-08T23:07:18","modified_gmt":"2024-07-08T23:07:18","slug":"activan-puesto-de-comando-del-1x10-del-buen-gobierno-en-lara","status":"publish","type":"post","link":"https:\/\/mppee.gob.ve\/?p=90869","title":{"rendered":"Activan Puesto de Comando del 1&#215;10 del Buen Gobierno en Lara"},"content":{"rendered":"\n<p><strong>Barquisimeto, estado Lara.- <\/strong>En aras de garantizar el bienestar y felicidad social del pueblo, este lunes, la vicepresidenta Ejecutiva de la Rep\u00fablica, Delcy Rodr\u00edguez, activ\u00f3 el Puesto de Comando del 1&#215;10 del Buen Gobierno en Lara, para atender las problem\u00e1ticas puntuales de la entidad occidental.<\/p>\n\n\n\n<p>En este sentido, el vicepresidente Sectorial de Obras P\u00fablicas y Servicios, Jorge M\u00e1rquez, particip\u00f3 en las acciones de despliegue lideradas por la Vicepresidenta Ejecutiva, a fin de dar respuestas a los reportes que el pueblo larense realiza a trav\u00e9s de este mecanismo de atenci\u00f3n directa a las comunidades.<\/p>\n\n\n\n<p>La activaci\u00f3n de este Puesto de Comando, responde a la solicitud realizada por el presidente de la Rep\u00fablica, Nicol\u00e1s Maduro, durante su visita al estado Lara en d\u00edas pasados.<\/p>\n\n\n\n<p>Durante su recorrido por los distintos sectores de la entidad, el Mandatario \u201cobserv\u00f3 graves situaciones en la vialidad y proyectos de agua inconclusos\u201d, por lo que design\u00f3 a la vicepresidenta Ejecutiva de la Rep\u00fablica, Delcy Rodr\u00edguez, como madrina de la entidad larense, \u201cpara reforzar los cambios y transformaciones que requiere el estado\u201d.<\/p>\n\n\n\n<p><strong>Prensa MPPEE-Corpoelec \/ Joelin Jim\u00e9nez<\/strong><\/p>\n","protected":false},"excerpt":{"rendered":"<p>Barquisimeto, estado Lara.- En aras de garantizar el bienestar y felicidad social del pueblo, este lunes, la vicepresidenta Ejecutiva de<\/p>\n","protected":false},"author":22,"featured_media":90870,"comment_status":"closed","ping_status":"closed","sticky":false,"template":"","format":"standard","meta":{"footnotes":""},"categories":[30,7],"tags":[2688,2690,327],"class_list":["post-90869","post","type-post","status-publish","format-standard","has-post-thumbnail","hentry","category-regionales","category-sen","tag-1x10-del-buen-gobierno","tag-lara","tag-vsops"],"_links":{"self":[{"href":"https:\/\/mppee.gob.ve\/index.php?rest_route=\/wp\/v2\/posts\/90869","targetHints":{"allow":["GET"]}}],"collection":[{"href":"https:\/\/mppee.gob.ve\/index.php?rest_route=\/wp\/v2\/posts"}],"about":[{"href":"https:\/\/mppee.gob.ve\/index.php?rest_route=\/wp\/v2\/types\/post"}],"author":[{"embeddable":true,"href":"https:\/\/mppee.gob.ve\/index.php?rest_route=\/wp\/v2\/users\/22"}],"replies":[{"embeddable":true,"href":"https:\/\/mppee.gob.ve\/index.php?rest_route=%2Fwp%2Fv2%2Fcomments&post=90869"}],"version-history":[{"count":1,"href":"https:\/\/mppee.gob.ve\/index.php?rest_route=\/wp\/v2\/posts\/90869\/revisions"}],"predecessor-version":[{"id":90871,"href":"https:\/\/mppee.gob.ve\/index.php?rest_route=\/wp\/v2\/posts\/90869\/revisions\/90871"}],"wp:featuredmedia":[{"embeddable":true,"href":"https:\/\/mppee.gob.ve\/index.php?rest_route=\/wp\/v2\/media\/90870"}],"wp:attachment":[{"href":"https:\/\/mppee.gob.ve\/index.php?rest_route=%2Fwp%2Fv2%2Fmedia&parent=90869"}],"wp:term":[{"taxonomy":"category","embeddable":true,"href":"https:\/\/mppee.gob.ve\/index.php?rest_route=%2Fwp%2Fv2%2Fcategories&post=90869"},{"taxonomy":"post_tag","embeddable":true,"href":"https:\/\/mppee.gob.ve\/index.php?rest_route=%2Fwp%2Fv2%2Ftags&post=90869"}],"curies":[{"name":"wp","href":"https:\/\/api.w.org\/{rel}","templated":true}]}}