{"id":90872,"date":"2024-07-09T00:03:34","date_gmt":"2024-07-09T00:03:34","guid":{"rendered":"http:\/\/mppee.gob.ve\/?p=90872"},"modified":"2024-07-09T00:15:54","modified_gmt":"2024-07-09T00:15:54","slug":"supervisan-operatividad-de-plantas-termoelectricas-del-estado-carabobo","status":"publish","type":"post","link":"https:\/\/mppee.gob.ve\/?p=90872","title":{"rendered":"Supervisan operatividad de plantas termoel\u00e9ctricas del estado Carabobo"},"content":{"rendered":"\n<p><strong>Puerto Cabello, estado Carabobo.-<\/strong> El ministro del Poder Popular para la Energ\u00eda El\u00e9ctrica, Jorge M\u00e1rquez, visit\u00f3 la tarde de este lunes las instalaciones de las plantas de generaci\u00f3n termoel\u00e9ctrica TermoCarabobo y Planta Centro, ubicadas en Puerto Cabello, estado Carabobo. <\/p>\n\n\n\n<p>En compa\u00f1\u00eda del presidente de la Corporaci\u00f3n El\u00e9ctrica Nacional (Corpoelec), Jos\u00e9 Luis Betancourt, M\u00e1rquez verific\u00f3 las labores de mantenimiento correctivo y preventivo de estas importantes infraestructuras el\u00e9ctricas del centro del pa\u00eds. <\/p>\n\n\n\n<p>En el mes de mayo, el tambi\u00e9n Vicepresidente Sectorial de Obras P\u00fablicas y Servicios, inspeccion\u00f3 los trabajos de refacci\u00f3n total de la turbina N\u00b0 1, con el prop\u00f3sito de generar mayor energ\u00eda el\u00e9ctrica en la entidad, acompa\u00f1ado por el gobernador de Carabobo, Rafael Lacava, <\/p>\n\n\n\n<p>El Gobierno nacional trabaja incansablemente para, en corto tiempo, potenciar el sistema interconectado del pa\u00eds, como parte del Plan de Inspecciones y Mantenimiento Integral del Sistema El\u00e9ctrico Nacional. <\/p>\n\n\n\n<p><strong>Prensa MPPEE-Corpoelec\/Karla Cotoret<\/strong><\/p>\n\n\n\n<p><\/p>\n","protected":false},"excerpt":{"rendered":"<p>Puerto Cabello, estado Carabobo.- El ministro del Poder Popular para la Energ\u00eda El\u00e9ctrica, Jorge M\u00e1rquez, visit\u00f3 la tarde de este<\/p>\n","protected":false},"author":22,"featured_media":90873,"comment_status":"closed","ping_status":"closed","sticky":false,"template":"","format":"standard","meta":{"footnotes":""},"categories":[1,15,7],"tags":[2692,2691,11,46],"class_list":["post-90872","post","type-post","status-publish","format-standard","has-post-thumbnail","hentry","category-mppee","category-nacionales","category-sen","tag-carabobo","tag-corpoelec","tag-mppee","tag-venezuela"],"_links":{"self":[{"href":"https:\/\/mppee.gob.ve\/index.php?rest_route=\/wp\/v2\/posts\/90872","targetHints":{"allow":["GET"]}}],"collection":[{"href":"https:\/\/mppee.gob.ve\/index.php?rest_route=\/wp\/v2\/posts"}],"about":[{"href":"https:\/\/mppee.gob.ve\/index.php?rest_route=\/wp\/v2\/types\/post"}],"author":[{"embeddable":true,"href":"https:\/\/mppee.gob.ve\/index.php?rest_route=\/wp\/v2\/users\/22"}],"replies":[{"embeddable":true,"href":"https:\/\/mppee.gob.ve\/index.php?rest_route=%2Fwp%2Fv2%2Fcomments&post=90872"}],"version-history":[{"count":2,"href":"https:\/\/mppee.gob.ve\/index.php?rest_route=\/wp\/v2\/posts\/90872\/revisions"}],"predecessor-version":[{"id":90876,"href":"https:\/\/mppee.gob.ve\/index.php?rest_route=\/wp\/v2\/posts\/90872\/revisions\/90876"}],"wp:featuredmedia":[{"embeddable":true,"href":"https:\/\/mppee.gob.ve\/index.php?rest_route=\/wp\/v2\/media\/90873"}],"wp:attachment":[{"href":"https:\/\/mppee.gob.ve\/index.php?rest_route=%2Fwp%2Fv2%2Fmedia&parent=90872"}],"wp:term":[{"taxonomy":"category","embeddable":true,"href":"https:\/\/mppee.gob.ve\/index.php?rest_route=%2Fwp%2Fv2%2Fcategories&post=90872"},{"taxonomy":"post_tag","embeddable":true,"href":"https:\/\/mppee.gob.ve\/index.php?rest_route=%2Fwp%2Fv2%2Ftags&post=90872"}],"curies":[{"name":"wp","href":"https:\/\/api.w.org\/{rel}","templated":true}]}}