{"id":90875,"date":"2024-07-09T00:32:22","date_gmt":"2024-07-09T00:32:22","guid":{"rendered":"http:\/\/mppee.gob.ve\/?p=90875"},"modified":"2024-07-09T00:32:24","modified_gmt":"2024-07-09T00:32:24","slug":"ministro-marquez-afianza-compromiso-con-trabajadores-del-sector-electrico-en-carabobo","status":"publish","type":"post","link":"https:\/\/mppee.gob.ve\/?p=90875","title":{"rendered":"Ministro M\u00e1rquez afianza compromiso con trabajadores del sector el\u00e9ctrico en Carabobo"},"content":{"rendered":"\n<p><strong>Puerto Cabello, estado Carabobo.-<\/strong> Con el alma puesta en transformar el Sistema El\u00e9ctrico Nacional (SEN), el ministro para la Energ\u00eda El\u00e9ctrica, Jorge M\u00e1rquez se reuni\u00f3 con sus equipos de las Plantas de Generaci\u00f3n TermoCarabobo y Planta Centro, en el estado Carabobo. <\/p>\n\n\n\n<p>Ante su \u00edmpetu e inagotable dinamismo, el Ministro es recibido calurosamente por la clase obrera que al igual que \u00e9l no detiene su afanosa labor por elevar la calidad del servicio el\u00e9ctrico en el pa\u00eds. <\/p>\n\n\n\n<p>En este encuentro surgen propuestas, recomendaciones y proyectos, un di\u00e1logo franco que los acerca al gran objetivo. Aunque el calor apremia, cada uno participa y es escuchado con atenci\u00f3n. Para M\u00e1rquez cada aporte resulta valioso y es tomado en cuenta para consolidar los logros de esta gran familia. <\/p>\n\n\n\n<p>La entrega de estos trabajadores y trabajadoras es loable, sin importar si es de d\u00eda o de noche, est\u00e1n siempre dispuestos a servir, a dar lo mejor de s\u00ed por el pueblo venezolano. <\/p>\n\n\n\n<p>La clase obrera de Corpoelec se ha crecido en las dificultades con orgullo, hoy por hoy cada vez que van a la calle lo hacen con profesionalismo y un enorme compromiso en el pecho. El Ministro lo sabe, por eso los honra, los abraza y aplaude en cada una de sus visitas. <\/p>\n\n\n\n<p><strong>Prensa MPPEE-Corpoelec\/Mar\u00eda Mercedes Noguera<\/strong><\/p>\n","protected":false},"excerpt":{"rendered":"<p>Puerto Cabello, estado Carabobo.- Con el alma puesta en transformar el Sistema El\u00e9ctrico Nacional (SEN), el ministro para la Energ\u00eda<\/p>\n","protected":false},"author":22,"featured_media":90877,"comment_status":"closed","ping_status":"closed","sticky":false,"template":"","format":"standard","meta":{"footnotes":""},"categories":[1,30,7],"tags":[],"class_list":["post-90875","post","type-post","status-publish","format-standard","has-post-thumbnail","hentry","category-mppee","category-regionales","category-sen"],"_links":{"self":[{"href":"https:\/\/mppee.gob.ve\/index.php?rest_route=\/wp\/v2\/posts\/90875","targetHints":{"allow":["GET"]}}],"collection":[{"href":"https:\/\/mppee.gob.ve\/index.php?rest_route=\/wp\/v2\/posts"}],"about":[{"href":"https:\/\/mppee.gob.ve\/index.php?rest_route=\/wp\/v2\/types\/post"}],"author":[{"embeddable":true,"href":"https:\/\/mppee.gob.ve\/index.php?rest_route=\/wp\/v2\/users\/22"}],"replies":[{"embeddable":true,"href":"https:\/\/mppee.gob.ve\/index.php?rest_route=%2Fwp%2Fv2%2Fcomments&post=90875"}],"version-history":[{"count":1,"href":"https:\/\/mppee.gob.ve\/index.php?rest_route=\/wp\/v2\/posts\/90875\/revisions"}],"predecessor-version":[{"id":90878,"href":"https:\/\/mppee.gob.ve\/index.php?rest_route=\/wp\/v2\/posts\/90875\/revisions\/90878"}],"wp:featuredmedia":[{"embeddable":true,"href":"https:\/\/mppee.gob.ve\/index.php?rest_route=\/wp\/v2\/media\/90877"}],"wp:attachment":[{"href":"https:\/\/mppee.gob.ve\/index.php?rest_route=%2Fwp%2Fv2%2Fmedia&parent=90875"}],"wp:term":[{"taxonomy":"category","embeddable":true,"href":"https:\/\/mppee.gob.ve\/index.php?rest_route=%2Fwp%2Fv2%2Fcategories&post=90875"},{"taxonomy":"post_tag","embeddable":true,"href":"https:\/\/mppee.gob.ve\/index.php?rest_route=%2Fwp%2Fv2%2Ftags&post=90875"}],"curies":[{"name":"wp","href":"https:\/\/api.w.org\/{rel}","templated":true}]}}