{"id":90879,"date":"2024-07-09T23:24:18","date_gmt":"2024-07-09T23:24:18","guid":{"rendered":"http:\/\/mppee.gob.ve\/?p=90879"},"modified":"2024-07-09T23:24:20","modified_gmt":"2024-07-09T23:24:20","slug":"gobierno-nacional-garantiza-servicio-electrico-al-pueblo-de-cumanacoa","status":"publish","type":"post","link":"https:\/\/mppee.gob.ve\/?p=90879","title":{"rendered":"Gobierno nacional garantiza servicio el\u00e9ctrico al pueblo de Cumanacoa"},"content":{"rendered":"\n<p><strong>Cumanacoa, estado Sucre.- E<\/strong>l ministro del Poder Popular para la Energ\u00eda El\u00e9ctrica, Jorge M\u00e1rquez, luego de realizar este martes un recorrido para constatar la operatividad del servicio el\u00e9ctrico en las comunidades de Cumanacoa, present\u00f3 un balance de las labores desde el Puesto de Comando Presidencial, instalado en esa entidad oriental por el jefe de Estado, Nicol\u00e1s Maduro.<\/p>\n\n\n\n<p>El tambi\u00e9n Vicepresidente Sectorial de Obras P\u00fablicas y Servicios, visit\u00f3 los sectores donde el fen\u00f3meno natural caus\u00f3 m\u00e1s estragos, para cerciorarse del pleno funcionamiento de los servicios p\u00fablicos.<\/p>\n\n\n\n<p>Adem\u00e1s, en compa\u00f1\u00eda de la ministra del Poder Popular para la Educaci\u00f3n, Yelitze Santaella, supervis\u00f3 las escuelas de la localidad e inspeccion\u00f3 los avances de recuperaci\u00f3n de la infraestructura de cada instituci\u00f3n.<\/p>\n\n\n\n<p>Tras las fuertes lluvias que se generaron a comienzos de julio, el ministro M\u00e1rquez mantiene una agenda de trabajo activa en la regi\u00f3n sucrense a fin de atender de manera directa al pueblo afectado.<\/p>\n\n\n\n<p>Por ello, el pasado martes 2 de julio, tambi\u00e9n recorri\u00f3 la localidad oriental y expres\u00f3 su solidaridad a los habitantes de Cumanacoa, quienes recibieron el servicio de Internet y llamadas sin cost\u00f3 alguno a trav\u00e9s de las diferentes operadoras (Movilnet, Movistar, Digitel y Cantv).<\/p>\n\n\n\n<p>Ante la situaci\u00f3n, el Gobierno Bolivariano duplic\u00f3 la maquinaria operativa para recuperar las calles de Cumanacoa, ofrecer asistencia sanitaria y mantener el flujo operativo de los servicios p\u00fablicos como electricidad, agua, gas, telefon\u00eda e internet para el pueblo.<\/p>\n\n\n\n<p><strong>Prensa MPPEE-Corpoelec\/Rosiris Ortega Ortiz<\/strong><\/p>\n","protected":false},"excerpt":{"rendered":"<p>Cumanacoa, estado Sucre.- El ministro del Poder Popular para la Energ\u00eda El\u00e9ctrica, Jorge M\u00e1rquez, luego de realizar este martes un<\/p>\n","protected":false},"author":22,"featured_media":90880,"comment_status":"closed","ping_status":"closed","sticky":false,"template":"","format":"standard","meta":{"footnotes":""},"categories":[1,15,7],"tags":[11,2693,327],"class_list":["post-90879","post","type-post","status-publish","format-standard","has-post-thumbnail","hentry","category-mppee","category-nacionales","category-sen","tag-mppee","tag-sucre","tag-vsops"],"_links":{"self":[{"href":"https:\/\/mppee.gob.ve\/index.php?rest_route=\/wp\/v2\/posts\/90879","targetHints":{"allow":["GET"]}}],"collection":[{"href":"https:\/\/mppee.gob.ve\/index.php?rest_route=\/wp\/v2\/posts"}],"about":[{"href":"https:\/\/mppee.gob.ve\/index.php?rest_route=\/wp\/v2\/types\/post"}],"author":[{"embeddable":true,"href":"https:\/\/mppee.gob.ve\/index.php?rest_route=\/wp\/v2\/users\/22"}],"replies":[{"embeddable":true,"href":"https:\/\/mppee.gob.ve\/index.php?rest_route=%2Fwp%2Fv2%2Fcomments&post=90879"}],"version-history":[{"count":1,"href":"https:\/\/mppee.gob.ve\/index.php?rest_route=\/wp\/v2\/posts\/90879\/revisions"}],"predecessor-version":[{"id":90881,"href":"https:\/\/mppee.gob.ve\/index.php?rest_route=\/wp\/v2\/posts\/90879\/revisions\/90881"}],"wp:featuredmedia":[{"embeddable":true,"href":"https:\/\/mppee.gob.ve\/index.php?rest_route=\/wp\/v2\/media\/90880"}],"wp:attachment":[{"href":"https:\/\/mppee.gob.ve\/index.php?rest_route=%2Fwp%2Fv2%2Fmedia&parent=90879"}],"wp:term":[{"taxonomy":"category","embeddable":true,"href":"https:\/\/mppee.gob.ve\/index.php?rest_route=%2Fwp%2Fv2%2Fcategories&post=90879"},{"taxonomy":"post_tag","embeddable":true,"href":"https:\/\/mppee.gob.ve\/index.php?rest_route=%2Fwp%2Fv2%2Ftags&post=90879"}],"curies":[{"name":"wp","href":"https:\/\/api.w.org\/{rel}","templated":true}]}}