{"id":90908,"date":"2024-07-10T23:33:16","date_gmt":"2024-07-10T23:33:16","guid":{"rendered":"http:\/\/mppee.gob.ve\/?p=90908"},"modified":"2024-07-10T23:34:03","modified_gmt":"2024-07-10T23:34:03","slug":"rehabilitaran-centro-integral-de-atencion-al-usuario-de-corpoelec-en-punto-fijo","status":"publish","type":"post","link":"https:\/\/mppee.gob.ve\/?p=90908","title":{"rendered":"Rehabilitar\u00e1n Centro Integral de Atenci\u00f3n al Usuario de Corpoelec en Punto Fijo"},"content":{"rendered":"\n<p><strong>Paraguan\u00e1, estado Falc\u00f3n.-<\/strong> En una acci\u00f3n destinada a ofrecer respuestas asertivas a los usuarios del servicio el\u00e9ctrico, el ministro del Poder Popular para la Energ\u00eda El\u00e9ctrica, Jorge M\u00e1rquez, orden\u00f3 iniciar los trabajos de rehabilitaci\u00f3n del Centro Integral de Atenci\u00f3n al Usuario (CIAU) de la Corporaci\u00f3n El\u00e9ctrica Nacional (Corpoelec), ubicado en Punto Fijo, estado Falc\u00f3n.<\/p>\n\n\n\n<p>En este sentido, orient\u00f3 realizar las obras correspondientes en las \u00e1reas del CIAU, en aras de brindar la atenci\u00f3n, asesor\u00eda y acompa\u00f1amiento a los usuarios y usuarias del servicio de energ\u00eda el\u00e9ctrica. M\u00e1rquez pormenoriz\u00f3 que en un lapso no mayor a 75 d\u00edas (mes y medio) deben estar culminados los trabajos de rehabilitaci\u00f3n y mejoras en toda la infraestructura. <\/p>\n\n\n\n<p>Durante el recorrido por el CIAU de Punto Fijo, el tambi\u00e9n Vicepresidente Sectorial de Obras P\u00fablicas y Servicios convers\u00f3 con los trabajadores y trabajadoras de Corpoelec, con el prop\u00f3sito de conocer de primera mano las necesidades y propuestas, que conlleven al establecimiento de estrategias conjuntas para que el pueblo falconiano reciba atenci\u00f3n personalizada que merece. <\/p>\n\n\n\n<p><strong>Prensa MPPEE-Corpoelec \/ Joelin Jim\u00e9nez<\/strong><\/p>\n","protected":false},"excerpt":{"rendered":"<p>Paraguan\u00e1, estado Falc\u00f3n.- En una acci\u00f3n destinada a ofrecer respuestas asertivas a los usuarios del servicio el\u00e9ctrico, el ministro del<\/p>\n","protected":false},"author":22,"featured_media":90909,"comment_status":"closed","ping_status":"closed","sticky":false,"template":"","format":"standard","meta":{"footnotes":""},"categories":[1,30],"tags":[2691,2695,11,46],"class_list":["post-90908","post","type-post","status-publish","format-standard","has-post-thumbnail","hentry","category-mppee","category-regionales","tag-corpoelec","tag-falcon","tag-mppee","tag-venezuela"],"_links":{"self":[{"href":"https:\/\/mppee.gob.ve\/index.php?rest_route=\/wp\/v2\/posts\/90908","targetHints":{"allow":["GET"]}}],"collection":[{"href":"https:\/\/mppee.gob.ve\/index.php?rest_route=\/wp\/v2\/posts"}],"about":[{"href":"https:\/\/mppee.gob.ve\/index.php?rest_route=\/wp\/v2\/types\/post"}],"author":[{"embeddable":true,"href":"https:\/\/mppee.gob.ve\/index.php?rest_route=\/wp\/v2\/users\/22"}],"replies":[{"embeddable":true,"href":"https:\/\/mppee.gob.ve\/index.php?rest_route=%2Fwp%2Fv2%2Fcomments&post=90908"}],"version-history":[{"count":1,"href":"https:\/\/mppee.gob.ve\/index.php?rest_route=\/wp\/v2\/posts\/90908\/revisions"}],"predecessor-version":[{"id":90910,"href":"https:\/\/mppee.gob.ve\/index.php?rest_route=\/wp\/v2\/posts\/90908\/revisions\/90910"}],"wp:featuredmedia":[{"embeddable":true,"href":"https:\/\/mppee.gob.ve\/index.php?rest_route=\/wp\/v2\/media\/90909"}],"wp:attachment":[{"href":"https:\/\/mppee.gob.ve\/index.php?rest_route=%2Fwp%2Fv2%2Fmedia&parent=90908"}],"wp:term":[{"taxonomy":"category","embeddable":true,"href":"https:\/\/mppee.gob.ve\/index.php?rest_route=%2Fwp%2Fv2%2Fcategories&post=90908"},{"taxonomy":"post_tag","embeddable":true,"href":"https:\/\/mppee.gob.ve\/index.php?rest_route=%2Fwp%2Fv2%2Ftags&post=90908"}],"curies":[{"name":"wp","href":"https:\/\/api.w.org\/{rel}","templated":true}]}}