{"id":90921,"date":"2024-07-12T18:52:45","date_gmt":"2024-07-12T18:52:45","guid":{"rendered":"http:\/\/mppee.gob.ve\/?p=90921"},"modified":"2024-07-12T18:58:42","modified_gmt":"2024-07-12T18:58:42","slug":"implicados-en-ataques-al-sen-tienen-vinculos-con-extrema-derecha-colombiana","status":"publish","type":"post","link":"https:\/\/mppee.gob.ve\/?p=90921","title":{"rendered":"Implicados en ataques al SEN tienen v\u00ednculos con extrema derecha colombiana"},"content":{"rendered":"\n<p> <strong>San Bernardino, Caracas.-<\/strong> El fiscal general de la Rep\u00fablica, Tarek William Saab, inform\u00f3 este viernes sobre la detenci\u00f3n de dos ciudadanos implicados en los ataques al Sistema El\u00e9ctrico Nacional (SEN) y que tienen v\u00ednculos con la extrema derecha de Colombia.<\/p>\n\n\n\n<p>\u201cTras reunir suficientes elementos de convicci\u00f3n, el 9 de julio, se solicit\u00f3 ante los tribunales competentes \u00f3rdenes de aprehensi\u00f3n contra Aldo Roso Vargas y Ricardo Alberto Albacete Vidal, as\u00ed como \u00f3rdenes de allanamiento a un inmueble en Caracas; uno en T\u00e1chira y uno en M\u00e9rida, vinculados a estos ciudadanos mencionados\u201d, indic\u00f3 el Fiscal durante una rueda de prensa efectuada en la sede del Ministerio P\u00fablico (MP) en Caracas. <\/p>\n\n\n\n<p>Explic\u00f3 que los individuos detenidos est\u00e1n relacionados con los expresidentes colombianos, \u00c1lvaro Uribe e Iv\u00e1n Duque, y han recibido financiamiento desde el exterior para sostener la campa\u00f1a y movimientos de desestabilizaci\u00f3n en Venezuela, en plena \u00e9poca electoral.<\/p>\n\n\n\n<p>Detall\u00f3 que, tras desarrollarse las investigaciones pertinentes entre la Polic\u00eda Nacional Bolivariana (PNB) y el MP, se determin\u00f3 que los detenidos junto a un grupo de sujetos operaban entre los estados M\u00e9rida, T\u00e1chira y en la ciudad de Caracas. <\/p>\n\n\n\n<p>\u201cAl realizar los allanamientos respectivos, se pudo verificar que estos ciudadanos ten\u00edan en su poder gran cantidad de material estrat\u00e9gico, pertenecientes, y esto es muy grave, a Corpoelec; es decir material estrat\u00e9gico perteneciente a una empresa estrat\u00e9gica del Estado venezolano para ofrecer un servicio b\u00e1sico como es la electricidad. Todos estos elementos est\u00e1n valorados en unos 150.000 d\u00f3lares\u201d, revel\u00f3. <\/p>\n\n\n\n<p><strong>Material estrat\u00e9gico hurtado<\/strong> <\/p>\n\n\n\n<p>Precis\u00f3 que en los galpones de la empresa Gurimetal, ubicada en Palmira, estado T\u00e1chira, se realizaban labores de fundici\u00f3n de diferentes metales con material estrat\u00e9gico hurtado del SEN; y se encontraron aproximadamente 20 transformadores el\u00e9ctricos \u201cpertenecientes a Cadafe\u201d. <\/p>\n\n\n\n<p>Sumado a ello, se hallaron 500 kilogramos de guayas de alta tensi\u00f3n; aproximadamente 50 pararrayos el\u00e9ctricos y cerca de 250 lingotes de aluminio con un peso de 13 kilos cada uno, para un total aproximado de 3.250 kilogramos pertenecientes al SEN. <\/p>\n\n\n\n<p>Tambi\u00e9n, se consiguieron 23 pimpinas con aceite diel\u00e9ctrico, de aproximadamente 25 litros cada una para un total aproximado de 575 litros; cinco cilindros de nitr\u00f3geno de ox\u00edgeno para el mantenimiento de transformadores el\u00e9ctricos; unos 72 aisladores de suspensi\u00f3n y bobinas de alambre de diferentes di\u00e1metros <\/p>\n\n\n\n<p><strong>Prensa MPPEE-Corpoelec \/ Rosiris Ortega Ortiz<\/strong><\/p>\n","protected":false},"excerpt":{"rendered":"<p>San Bernardino, Caracas.- El fiscal general de la Rep\u00fablica, Tarek William Saab, inform\u00f3 este viernes sobre la detenci\u00f3n de dos<\/p>\n","protected":false},"author":22,"featured_media":90922,"comment_status":"closed","ping_status":"closed","sticky":false,"template":"","format":"standard","meta":{"footnotes":""},"categories":[1,30,7],"tags":[2691,11],"class_list":["post-90921","post","type-post","status-publish","format-standard","has-post-thumbnail","hentry","category-mppee","category-regionales","category-sen","tag-corpoelec","tag-mppee"],"_links":{"self":[{"href":"https:\/\/mppee.gob.ve\/index.php?rest_route=\/wp\/v2\/posts\/90921","targetHints":{"allow":["GET"]}}],"collection":[{"href":"https:\/\/mppee.gob.ve\/index.php?rest_route=\/wp\/v2\/posts"}],"about":[{"href":"https:\/\/mppee.gob.ve\/index.php?rest_route=\/wp\/v2\/types\/post"}],"author":[{"embeddable":true,"href":"https:\/\/mppee.gob.ve\/index.php?rest_route=\/wp\/v2\/users\/22"}],"replies":[{"embeddable":true,"href":"https:\/\/mppee.gob.ve\/index.php?rest_route=%2Fwp%2Fv2%2Fcomments&post=90921"}],"version-history":[{"count":1,"href":"https:\/\/mppee.gob.ve\/index.php?rest_route=\/wp\/v2\/posts\/90921\/revisions"}],"predecessor-version":[{"id":90923,"href":"https:\/\/mppee.gob.ve\/index.php?rest_route=\/wp\/v2\/posts\/90921\/revisions\/90923"}],"wp:featuredmedia":[{"embeddable":true,"href":"https:\/\/mppee.gob.ve\/index.php?rest_route=\/wp\/v2\/media\/90922"}],"wp:attachment":[{"href":"https:\/\/mppee.gob.ve\/index.php?rest_route=%2Fwp%2Fv2%2Fmedia&parent=90921"}],"wp:term":[{"taxonomy":"category","embeddable":true,"href":"https:\/\/mppee.gob.ve\/index.php?rest_route=%2Fwp%2Fv2%2Fcategories&post=90921"},{"taxonomy":"post_tag","embeddable":true,"href":"https:\/\/mppee.gob.ve\/index.php?rest_route=%2Fwp%2Fv2%2Ftags&post=90921"}],"curies":[{"name":"wp","href":"https:\/\/api.w.org\/{rel}","templated":true}]}}