{"id":90924,"date":"2024-07-12T19:00:17","date_gmt":"2024-07-12T19:00:17","guid":{"rendered":"http:\/\/mppee.gob.ve\/?p=90924"},"modified":"2024-07-12T19:00:19","modified_gmt":"2024-07-12T19:00:19","slug":"fiscal-denuncia-que-ataques-al-sen-buscan-generar-zozobra-y-malestar-politico-en-venezuela","status":"publish","type":"post","link":"https:\/\/mppee.gob.ve\/?p=90924","title":{"rendered":"Fiscal denuncia que ataques al SEN buscan generar zozobra y malestar pol\u00edtico en Venezuela"},"content":{"rendered":"\n<p><strong>San Bernardino, Caracas.-<\/strong> Causar malestar y zozobra en los venezolanos en un momento pol\u00edtico cumbre para el pa\u00eds es el prop\u00f3sito de los constantes ataques al Sistema El\u00e9ctrico Nacional (SEN), denunci\u00f3 este viernes, el Fiscal General de la Rep\u00fablica, Tarek William Saab.<\/p>\n\n\n\n<p>En rueda de prensa para dirigirse al pa\u00eds, desde la sede del Ministerio P\u00fablico (MP), en Caracas, el fiscal Saab denunci\u00f3 la reincidencia de sectores radicales de la oposici\u00f3n, en estos actos.<\/p>\n\n\n\n<p>\u201cQuiero destacar la reincidencia de los sectores radicales de la oposici\u00f3n en atacar el sistema el\u00e9ctrico. Se trata de generar zozobra y malestar en la poblaci\u00f3n para luego utilizar ese malestar pol\u00edticamente\u201d, asever\u00f3.<\/p>\n\n\n\n<p>Agreg\u00f3 que el \u201cdesmantelamiento del sistema el\u00e9ctrico\u00bb forma parte de la guerra h\u00edbrida. En ese sentido, ofreci\u00f3 un balance sobre delitos cometidos en los \u00faltimos tres meses contra el SEN.<\/p>\n\n\n\n<p>\u201cEl 9 de junio se recibi\u00f3 reporte de un incendio en una tanquilla del circuito 3 pertenecientes al SEN, ubicado en la Avenida 4 de Mayo del municipio Mari\u00f1o -Nueva Esparta-; que fue controlado por bomberos adscritos a Corpoelec\u201d.<\/p>\n\n\n\n<p>Por ello, el 17 de junio, se recibi\u00f3 denuncia interpuesta por el gerente de la Corporaci\u00f3n El\u00e9ctrica Nacional (Corpoelec); en la que se consign\u00f3 un video en el que se identifica al ciudadano Jes\u00fas Jos\u00e9 Guti\u00e9rrez Gonz\u00e1lez, que caus\u00f3 el incendio en la tanquilla, generando fallas el\u00e9ctricas en todo el sector, y que fue detenido el 21 de junio por da\u00f1os al SEN.<\/p>\n\n\n\n<p>Asimismo, record\u00f3 que el pasado 16 de abril, fueron detenidas seis personas por la Guardia Nacional Bolivariana (GNB) que hab\u00edan sustra\u00eddo 16 tramos de guaya de cobre con un peso aproximado de 400 kilos, provenientes de la Planta de Generaci\u00f3n Termoel\u00e9ctrica Planta Centro, ubicada en el estado Carabobo.<\/p>\n\n\n\n<p>Por ese hecho, se encontr\u00f3 que tres de los detenidos portaban radios port\u00e1tiles, equipos m\u00f3viles y un detector de voltaje: Los detenidos responden a los nombres de Jonathan Lugo, Jos\u00e9 Herrera, David Lugo, Jhonny D\u00edaz, Darwin Quero y Dixon Ram\u00edrez.<\/p>\n\n\n\n<p>El Fiscal precis\u00f3 que por la sustracci\u00f3n de este material en las unidades N.\u00ba 5 y N.\u00ba 6 de Planta Centro, se vio afectado el servicio el\u00e9ctrico, al provocar fallas en la generaci\u00f3n de energ\u00eda y da\u00f1os en las torres de transmisi\u00f3n.<\/p>\n\n\n\n<p>\u201cCuando usted atenta contra el servicio el\u00e9ctrico afectan tambi\u00e9n la distribuci\u00f3n del agua. Es tan delicado, que prev\u00e9 pena desde 20 a 25 a\u00f1os de prisi\u00f3n.<\/p>\n\n\n\n<p>Teniendo las agravantes del aumento de una tercera parte de la pena cuando se ataquen l\u00edneas y fuentes de energ\u00eda primaria y adicionalmente cuando se realice con participaci\u00f3n de pa\u00eds extranjero, grupo terrorista o paramilitar, se aplicar\u00e1 la pena de 30 a\u00f1os\u201d, advirti\u00f3 el Fiscal.<\/p>\n\n\n\n<p><strong>Prensa MPPEE-Corpoelec \/ Rosiris Ortega Ortiz<\/strong><\/p>\n","protected":false},"excerpt":{"rendered":"<p>San Bernardino, Caracas.- Causar malestar y zozobra en los venezolanos en un momento pol\u00edtico cumbre para el pa\u00eds es el<\/p>\n","protected":false},"author":22,"featured_media":90922,"comment_status":"closed","ping_status":"closed","sticky":false,"template":"","format":"standard","meta":{"footnotes":""},"categories":[1,30,7],"tags":[2691,11,46],"class_list":["post-90924","post","type-post","status-publish","format-standard","has-post-thumbnail","hentry","category-mppee","category-regionales","category-sen","tag-corpoelec","tag-mppee","tag-venezuela"],"_links":{"self":[{"href":"https:\/\/mppee.gob.ve\/index.php?rest_route=\/wp\/v2\/posts\/90924","targetHints":{"allow":["GET"]}}],"collection":[{"href":"https:\/\/mppee.gob.ve\/index.php?rest_route=\/wp\/v2\/posts"}],"about":[{"href":"https:\/\/mppee.gob.ve\/index.php?rest_route=\/wp\/v2\/types\/post"}],"author":[{"embeddable":true,"href":"https:\/\/mppee.gob.ve\/index.php?rest_route=\/wp\/v2\/users\/22"}],"replies":[{"embeddable":true,"href":"https:\/\/mppee.gob.ve\/index.php?rest_route=%2Fwp%2Fv2%2Fcomments&post=90924"}],"version-history":[{"count":1,"href":"https:\/\/mppee.gob.ve\/index.php?rest_route=\/wp\/v2\/posts\/90924\/revisions"}],"predecessor-version":[{"id":90925,"href":"https:\/\/mppee.gob.ve\/index.php?rest_route=\/wp\/v2\/posts\/90924\/revisions\/90925"}],"wp:featuredmedia":[{"embeddable":true,"href":"https:\/\/mppee.gob.ve\/index.php?rest_route=\/wp\/v2\/media\/90922"}],"wp:attachment":[{"href":"https:\/\/mppee.gob.ve\/index.php?rest_route=%2Fwp%2Fv2%2Fmedia&parent=90924"}],"wp:term":[{"taxonomy":"category","embeddable":true,"href":"https:\/\/mppee.gob.ve\/index.php?rest_route=%2Fwp%2Fv2%2Fcategories&post=90924"},{"taxonomy":"post_tag","embeddable":true,"href":"https:\/\/mppee.gob.ve\/index.php?rest_route=%2Fwp%2Fv2%2Ftags&post=90924"}],"curies":[{"name":"wp","href":"https:\/\/api.w.org\/{rel}","templated":true}]}}