{"id":91016,"date":"2024-07-21T12:48:57","date_gmt":"2024-07-21T12:48:57","guid":{"rendered":"http:\/\/mppee.gob.ve\/?p=91016"},"modified":"2024-07-21T13:01:38","modified_gmt":"2024-07-21T13:01:38","slug":"entran-en-funcionamiento-aerogeneradores-del-parque-eolico-de-paraguana","status":"publish","type":"post","link":"https:\/\/mppee.gob.ve\/?p=91016","title":{"rendered":"Entran en funcionamiento aerogeneradores del Parque E\u00f3lico de Paraguan\u00e1"},"content":{"rendered":"\n<p><strong>Los Taques, estado Falc\u00f3n.- <\/strong>Este s\u00e1bado, 20 de julio, entraron en funcionamiento 38 aerogeneradores del Parque E\u00f3lico de Paraguan\u00e1, ubicado en el municipio Los Taques, del estado Falc\u00f3n, inform\u00f3 el ministro del Poder Popular para la Energ\u00eda El\u00e9ctrica, Jorge M\u00e1rquez.<\/p>\n\n\n\n<p>En compa\u00f1\u00eda del gobernador de la entidad, V\u00edctor Clark, M\u00e1rquez destac\u00f3 que de esta manera se da cumplimiento, en tiempo r\u00e9cord, a la orden instruida por el presidente de la Rep\u00fablica Bolivariana de Venezuela, Nicol\u00e1s Maduro.<\/p>\n\n\n\n<p> \u201cHoy se est\u00e1 poniendo en funcionamiento 38 aerogeneradores del Parque E\u00f3lico de Paraguan\u00e1, nos restan 14 que en los pr\u00f3ximos meses tambi\u00e9n estar\u00e1n en funcionamiento\u201d,  puntualiz\u00f3 M\u00e1rquez desde la Pen\u00ednsula de Paraguan\u00e1.<\/p>\n\n\n\n<p>En este sentido, explic\u00f3 que con la puesta en marcha de estos equipos se generan 1.2 megavatios por cada aerogenerador, \u201ces decir que estamos generando aproximadamente entre 40 y 50 megavatios m\u00e1s para el Sistema El\u00e9ctrico Nacional\u201d, acot\u00f3.<\/p>\n\n\n\n<p>El pasado 25 de junio, el tambi\u00e9n Vicepresidente de Obras P\u00fablicas y Servicios, sostuvo un encuentro con el Poder Popular organizado que hace vida en el punto y c\u00edrculo de la instalaci\u00f3n, con el prop\u00f3sito de levantar un plan de trabajo que permita resguardar la seguridad y funcionamiento de esta infraestructura.<\/p>\n\n\n\n<p>Las reuniones con el pueblo organizado apuntan ademas a afinar estrategias que permitan avanzar en las mejoras  del servicio el\u00e9ctrico en el estado.<\/p>\n\n\n\n<p><strong>Supervisi\u00f3n de infraestructuras<\/strong><\/p>\n\n\n\n<p>La visita del ministro M\u00e1rquez al estado Falc\u00f3n fue propicia para supervisar las instalaciones de la Subestaci\u00f3n El\u00e9ctrica Punto Fijo I, acci\u00f3n contemplada en el Plan Integral de Estabilizaci\u00f3n y Fortalecimiento del Sistema El\u00e9ctrico Nacional (SEN) en la entidad falconiana<\/p>\n\n\n\n<p>.De igual manera, visit\u00f3 el Centro Integral de Atenci\u00f3n al Usuario (CIAU) de la Corporaci\u00f3n El\u00e9ctrica Nacional (Corpoelec), ubicado en Punto Fijo, para constatar los trabajos de rehabilitaci\u00f3n que en d\u00edas pasados orden\u00f3 iniciar. <\/p>\n\n\n\n<p>Las labores de rehabilitaci\u00f3n del CIAU buscan ofrecer una atenci\u00f3n, asesor\u00eda y acompa\u00f1amiento de calidad a los usuarios y usuarias del servicio de energ\u00eda el\u00e9ctrica.<\/p>\n\n\n\n<p><strong>Prensa MPPEE-Corpoelec \/ Joelin Jim\u00e9nez<\/strong><\/p>\n","protected":false},"excerpt":{"rendered":"<p>Los Taques, estado Falc\u00f3n.- Este s\u00e1bado, 20 de julio, entraron en funcionamiento 38 aerogeneradores del Parque E\u00f3lico de Paraguan\u00e1, ubicado<\/p>\n","protected":false},"author":24,"featured_media":91024,"comment_status":"closed","ping_status":"closed","sticky":false,"template":"","format":"standard","meta":{"footnotes":""},"categories":[1,30,7],"tags":[2699,2696],"class_list":["post-91016","post","type-post","status-publish","format-standard","has-post-thumbnail","hentry","category-mppee","category-regionales","category-sen","tag-aerogeneradores","tag-parque-eolico"],"_links":{"self":[{"href":"https:\/\/mppee.gob.ve\/index.php?rest_route=\/wp\/v2\/posts\/91016","targetHints":{"allow":["GET"]}}],"collection":[{"href":"https:\/\/mppee.gob.ve\/index.php?rest_route=\/wp\/v2\/posts"}],"about":[{"href":"https:\/\/mppee.gob.ve\/index.php?rest_route=\/wp\/v2\/types\/post"}],"author":[{"embeddable":true,"href":"https:\/\/mppee.gob.ve\/index.php?rest_route=\/wp\/v2\/users\/24"}],"replies":[{"embeddable":true,"href":"https:\/\/mppee.gob.ve\/index.php?rest_route=%2Fwp%2Fv2%2Fcomments&post=91016"}],"version-history":[{"count":3,"href":"https:\/\/mppee.gob.ve\/index.php?rest_route=\/wp\/v2\/posts\/91016\/revisions"}],"predecessor-version":[{"id":91023,"href":"https:\/\/mppee.gob.ve\/index.php?rest_route=\/wp\/v2\/posts\/91016\/revisions\/91023"}],"wp:featuredmedia":[{"embeddable":true,"href":"https:\/\/mppee.gob.ve\/index.php?rest_route=\/wp\/v2\/media\/91024"}],"wp:attachment":[{"href":"https:\/\/mppee.gob.ve\/index.php?rest_route=%2Fwp%2Fv2%2Fmedia&parent=91016"}],"wp:term":[{"taxonomy":"category","embeddable":true,"href":"https:\/\/mppee.gob.ve\/index.php?rest_route=%2Fwp%2Fv2%2Fcategories&post=91016"},{"taxonomy":"post_tag","embeddable":true,"href":"https:\/\/mppee.gob.ve\/index.php?rest_route=%2Fwp%2Fv2%2Ftags&post=91016"}],"curies":[{"name":"wp","href":"https:\/\/api.w.org\/{rel}","templated":true}]}}