{"id":91048,"date":"2024-07-28T02:17:54","date_gmt":"2024-07-28T02:17:54","guid":{"rendered":"http:\/\/mppee.gob.ve\/?p=91048"},"modified":"2024-07-28T02:21:32","modified_gmt":"2024-07-28T02:21:32","slug":"terroristas-involucrados-en-sabotaje-al-sen-estan-bajo-control","status":"publish","type":"post","link":"https:\/\/mppee.gob.ve\/?p=91048","title":{"rendered":"Terroristas involucrados en sabotaje al SEN est\u00e1n bajo control"},"content":{"rendered":"\n<p><strong>Parque Sim\u00f3n Bol\u00edvar, Estado Miranda.-<\/strong> Capturados, convictos y confesos est\u00e1n los seis ciudadanos, entre ellos dos paramilitares colombianos, involucrados en el intento de sabotaje contra la Subestaci\u00f3n Ure\u00f1a, ubicada en el estado T\u00e1chira, que pretend\u00eda la interrupci\u00f3n del servicio el\u00e9ctrico en el occidente del pa\u00eds a pocas horas de las elecciones presidenciales, pautadas para este 28 de julio.<\/p>\n\n\n\n<p>\u00abLos grupos terroristas est\u00e1n bajo control\u00bb, asever\u00f3 el presidente de la Rep\u00fablica, Nicol\u00e1s Maduro, al precisar que la maniobra persegu\u00eda la destrucci\u00f3n de la instalaci\u00f3n el\u00e9ctrica, generando as\u00ed un escenario catastr\u00f3fico en el que ocho estados se ver\u00edan severamente afectados.<\/p>\n\n\n\n<p>Desde el Centro de Convenciones del Parque Sim\u00f3n Bol\u00edvar, ubicado en el estado Miranda, sugiri\u00f3 que la opini\u00f3n p\u00fablica no tardar\u00eda en catalogar a los detenidos como \u00abperseguidos pol\u00edticos\u00bb, restando responsabilidad en la operaci\u00f3n terrorista para \u00abvolar, quemar y destruir\u00bb la Subestaci\u00f3n Ure\u00f1a.<\/p>\n\n\n\n<p>\u00ab\u00bfEs un perseguido pol\u00edtico quien pretendi\u00f3 volar, quemar y destruir la Subestaci\u00f3n de Ure\u00f1a en el T\u00e1chira, en la frontera con C\u00facuta? Pretend\u00edan destruirla, hubieran perdido la luz ocho estados del Occidente (&#8230;) Est\u00e1n capturados, convictos y confesos\u00bb, sentenci\u00f3.<\/p>\n\n\n\n<p>Explic\u00f3 que lo sucedido contra el Sistema El\u00e9ctrico Nacional (SEN) no es el \u00fanico episodio de sabotaje registrado en las \u00faltimas horas, sin embargo, se\u00f1al\u00f3 que cada acci\u00f3n detectada ha recibido una respuesta inmediata de los organismos de seguridad en aras de preservar la estabilidad nacional.<\/p>\n\n\n\n<p>El Jefe de Estado puntualiz\u00f3 que, pese a los sistem\u00e1ticos ataques de sectores extremistas, \u00abno pudieron evitar que llegara el 28 de julio\u00bb y que los venezolanos cumplan con su derecho de elegir en paz.<\/p>\n\n\n\n<p>\u00abLleg\u00f3 el 28 de julio y hemos resistido los peores embates. Los tiempos peores quedaron atr\u00e1s y los invito a ver c\u00f3mo han llegado los tiempos mejores para Venezuela\u00bb, destac\u00f3.<\/p>\n\n\n\n<p>M\u00e1s temprano, el presidente de la Corporaci\u00f3n El\u00e9ctrica Nacional (Corpoelec), Jos\u00e9 Luis Betancourt, denunci\u00f3 que el acto de sabotaje estaba dirigido a los transformadores de potencia, acci\u00f3n confirmada a partir de la incautaci\u00f3n de tres bombonas de oxicorte capaces de causar una explosi\u00f3n en la infraestructura el\u00e9ctrica.<\/p>\n\n\n\n<p>Debido a que el SEN est\u00e1 interconectado, la ejecuci\u00f3n de la maniobra terrorista habr\u00eda generado un \u00abefecto cascada\u00bb en Los Andes y parte del occidente venezolano.<\/p>\n\n\n\n<p><strong>Prensa MPPEE &#8211; Corpoelec\/Karelis Gonz\u00e1lez<\/strong><\/p>\n","protected":false},"excerpt":{"rendered":"<p>Parque Sim\u00f3n Bol\u00edvar, Estado Miranda.- Capturados, convictos y confesos est\u00e1n los seis ciudadanos, entre ellos dos paramilitares colombianos, involucrados en<\/p>\n","protected":false},"author":22,"featured_media":91050,"comment_status":"closed","ping_status":"closed","sticky":false,"template":"","format":"standard","meta":{"footnotes":""},"categories":[1,15,7],"tags":[],"class_list":["post-91048","post","type-post","status-publish","format-standard","has-post-thumbnail","hentry","category-mppee","category-nacionales","category-sen"],"_links":{"self":[{"href":"https:\/\/mppee.gob.ve\/index.php?rest_route=\/wp\/v2\/posts\/91048","targetHints":{"allow":["GET"]}}],"collection":[{"href":"https:\/\/mppee.gob.ve\/index.php?rest_route=\/wp\/v2\/posts"}],"about":[{"href":"https:\/\/mppee.gob.ve\/index.php?rest_route=\/wp\/v2\/types\/post"}],"author":[{"embeddable":true,"href":"https:\/\/mppee.gob.ve\/index.php?rest_route=\/wp\/v2\/users\/22"}],"replies":[{"embeddable":true,"href":"https:\/\/mppee.gob.ve\/index.php?rest_route=%2Fwp%2Fv2%2Fcomments&post=91048"}],"version-history":[{"count":1,"href":"https:\/\/mppee.gob.ve\/index.php?rest_route=\/wp\/v2\/posts\/91048\/revisions"}],"predecessor-version":[{"id":91051,"href":"https:\/\/mppee.gob.ve\/index.php?rest_route=\/wp\/v2\/posts\/91048\/revisions\/91051"}],"wp:featuredmedia":[{"embeddable":true,"href":"https:\/\/mppee.gob.ve\/index.php?rest_route=\/wp\/v2\/media\/91050"}],"wp:attachment":[{"href":"https:\/\/mppee.gob.ve\/index.php?rest_route=%2Fwp%2Fv2%2Fmedia&parent=91048"}],"wp:term":[{"taxonomy":"category","embeddable":true,"href":"https:\/\/mppee.gob.ve\/index.php?rest_route=%2Fwp%2Fv2%2Fcategories&post=91048"},{"taxonomy":"post_tag","embeddable":true,"href":"https:\/\/mppee.gob.ve\/index.php?rest_route=%2Fwp%2Fv2%2Ftags&post=91048"}],"curies":[{"name":"wp","href":"https:\/\/api.w.org\/{rel}","templated":true}]}}