{"id":91052,"date":"2024-07-28T02:41:49","date_gmt":"2024-07-28T02:41:49","guid":{"rendered":"http:\/\/mppee.gob.ve\/?p=91052"},"modified":"2024-07-28T02:41:51","modified_gmt":"2024-07-28T02:41:51","slug":"maduro-denuncia-sabotaje-al-sen-en-miranda-en-visperas-de-elecciones","status":"publish","type":"post","link":"https:\/\/mppee.gob.ve\/?p=91052","title":{"rendered":"Maduro denuncia sabotaje al SEN en Miranda en v\u00edsperas de elecciones"},"content":{"rendered":"\n<p><strong>Palacio de Miraflores, Caracas.-<\/strong> El presidente de la Rep\u00fablica Bolivariana de Venezuela, Nicol\u00e1s Maduro Moros, denunci\u00f3 una nueva maniobra para sabotear el Sistema El\u00e9ctrico Nacional (SEN) en el estado Miranda.<\/p>\n\n\n\n<p>\u00abSabotearon -instalaciones el\u00e9ctricas- en Los Teques (&#8230;) Pero no pudieron llenar de violencia el pa\u00eds\u00bb, sentenci\u00f3 durante una videoconferencia sostenida este s\u00e1bado en horas de la noche con Gobernadores, Alcaldes y el Estado Mayor Superior.<\/p>\n\n\n\n<p>En esa l\u00ednea, el Presidente se refiri\u00f3 a la detenci\u00f3n de seis ciudadanos, entre ellos dos paramilitares colombianos, involucrados en el intento de sabotaje contra la Subestaci\u00f3n Ure\u00f1a, ubicada en el estado T\u00e1chira, que pretend\u00eda la interrupci\u00f3n del servicio el\u00e9ctrico en el occidente del pa\u00eds a pocas horas de las elecciones presidenciales, pautadas para este 28 de julio.<\/p>\n\n\n\n<p>Al respecto, se\u00f1al\u00f3 que las coordinaciones, en uni\u00f3n c\u00edvico-militar, han funcionado bien y se logr\u00f3 frustrar este acto terrorista que pretend\u00eda da\u00f1ar el sistema el\u00e9ctrico que alimenta a ocho estados del pa\u00eds.<\/p>\n\n\n\n<p>\u00abCalcularon el da\u00f1o y \u00bfQui\u00e9n lo calcula? Los expertos del da\u00f1o y el mal\u00bb, afirm\u00f3 al detallar que los responsables est\u00e1n convictos y confesos.<\/p>\n\n\n\n<p>Maduro adem\u00e1s inform\u00f3 que en las \u00faltimas 72 horas se han hecho detenciones de ciudadanos que pretend\u00edan actuar y hacer da\u00f1o en varios estados del pa\u00eds.<\/p>\n\n\n\n<p>El Jefe de Estado fue enf\u00e1tico al se\u00f1alar que en Venezuela tiene que respetarse la Ley, el derecho a la paz y a la justicia.<\/p>\n\n\n\n<p>\u00abLleg\u00f3 el 28 de julio, d\u00eda bendito, y ser\u00e1 un d\u00eda de paz, tranquilidad y decisi\u00f3n soberana\u00bb, concluy\u00f3.<\/p>\n\n\n\n<p><strong>Prensa MPPEE-Corpoelec<\/strong><\/p>\n","protected":false},"excerpt":{"rendered":"<p>Palacio de Miraflores, Caracas.- El presidente de la Rep\u00fablica Bolivariana de Venezuela, Nicol\u00e1s Maduro Moros, denunci\u00f3 una nueva maniobra para<\/p>\n","protected":false},"author":22,"featured_media":91053,"comment_status":"closed","ping_status":"closed","sticky":false,"template":"","format":"standard","meta":{"footnotes":""},"categories":[1,15,7],"tags":[2691,11,46],"class_list":["post-91052","post","type-post","status-publish","format-standard","has-post-thumbnail","hentry","category-mppee","category-nacionales","category-sen","tag-corpoelec","tag-mppee","tag-venezuela"],"_links":{"self":[{"href":"https:\/\/mppee.gob.ve\/index.php?rest_route=\/wp\/v2\/posts\/91052","targetHints":{"allow":["GET"]}}],"collection":[{"href":"https:\/\/mppee.gob.ve\/index.php?rest_route=\/wp\/v2\/posts"}],"about":[{"href":"https:\/\/mppee.gob.ve\/index.php?rest_route=\/wp\/v2\/types\/post"}],"author":[{"embeddable":true,"href":"https:\/\/mppee.gob.ve\/index.php?rest_route=\/wp\/v2\/users\/22"}],"replies":[{"embeddable":true,"href":"https:\/\/mppee.gob.ve\/index.php?rest_route=%2Fwp%2Fv2%2Fcomments&post=91052"}],"version-history":[{"count":1,"href":"https:\/\/mppee.gob.ve\/index.php?rest_route=\/wp\/v2\/posts\/91052\/revisions"}],"predecessor-version":[{"id":91054,"href":"https:\/\/mppee.gob.ve\/index.php?rest_route=\/wp\/v2\/posts\/91052\/revisions\/91054"}],"wp:featuredmedia":[{"embeddable":true,"href":"https:\/\/mppee.gob.ve\/index.php?rest_route=\/wp\/v2\/media\/91053"}],"wp:attachment":[{"href":"https:\/\/mppee.gob.ve\/index.php?rest_route=%2Fwp%2Fv2%2Fmedia&parent=91052"}],"wp:term":[{"taxonomy":"category","embeddable":true,"href":"https:\/\/mppee.gob.ve\/index.php?rest_route=%2Fwp%2Fv2%2Fcategories&post=91052"},{"taxonomy":"post_tag","embeddable":true,"href":"https:\/\/mppee.gob.ve\/index.php?rest_route=%2Fwp%2Fv2%2Ftags&post=91052"}],"curies":[{"name":"wp","href":"https:\/\/api.w.org\/{rel}","templated":true}]}}