{"id":91090,"date":"2024-08-17T02:26:29","date_gmt":"2024-08-17T02:26:29","guid":{"rendered":"http:\/\/mppee.gob.ve\/?p=91090"},"modified":"2024-08-17T03:46:12","modified_gmt":"2024-08-17T03:46:12","slug":"ministro-marquez-constata-operatividad-de-infraestructuras-electricas-de-barinas","status":"publish","type":"post","link":"https:\/\/mppee.gob.ve\/?p=91090","title":{"rendered":"Ministro M\u00e1rquez constata operatividad de infraestructuras el\u00e9ctricas de Barinas"},"content":{"rendered":"\n<p><strong>Municipio Barinas, estado Barinas.-<\/strong> A prop\u00f3sito del Plan de Inspecciones y Mantenimiento Integral al Sistema El\u00e9ctrico Nacional (SEN), el ministro del Poder Popular para la Energ\u00eda El\u00e9ctrica, Jorge M\u00e1rquez, constat\u00f3 la operatividad de infraestructuras ubicadas en el estado Barinas.<\/p>\n\n\n\n<p>En compa\u00f1\u00eda de la clase obrera, conoci\u00f3 a profundidad las acciones que se ejecutan desde el Complejo Hidroel\u00e9ctrico \u00abJos\u00e9 Antonio P\u00e1ez\u00bb, ubicado en el municipio Bol\u00edvar, que en marzo pasado reactiv\u00f3 dos turbinas para incrementar la generaci\u00f3n de megavatios para cinco estados del suroccidente del pa\u00eds.<\/p>\n\n\n\n<p>Asimismo, supervis\u00f3 las instalaciones de la Planta Termoel\u00e9ctrica \u00abBatalla de Santa In\u00e9s\u00bb, localizada en el municipio Barinas, que provee de energ\u00eda el\u00e9ctrica a los estados Barinas y Portuguesa.<\/p>\n\n\n\n<p>Durante su recorrido por la regi\u00f3n llanera, el titular de Energ\u00eda El\u00e9ctrica visit\u00f3 la Constructora KVA, dedicada a fabricaci\u00f3n de productos el\u00e9ctricos para baja y alta tensi\u00f3n, entre ellos: transformadores, postes hexagonales, torres de iluminaci\u00f3n, brazos de alumbrado p\u00fablico, abrazaderas galvanizadas, perchas, pletinas y crucetas.<\/p>\n\n\n\n<p>El despliegue permanente en infraestructuras el\u00e9ctricas apunta a la mejora progresiva de los procesos de generaci\u00f3n, transmisi\u00f3n y distribuci\u00f3n de la energ\u00eda el\u00e9ctrica a favor del pueblo&nbsp;venezolano.<\/p>\n\n\n\n<p><strong>Prensa MPPEE &#8211; Corpoelec<\/strong><\/p>\n","protected":false},"excerpt":{"rendered":"<p>Municipio Barinas, estado Barinas.- A prop\u00f3sito del Plan de Inspecciones y Mantenimiento Integral al Sistema El\u00e9ctrico Nacional (SEN), el ministro<\/p>\n","protected":false},"author":24,"featured_media":91091,"comment_status":"closed","ping_status":"closed","sticky":false,"template":"","format":"standard","meta":{"footnotes":""},"categories":[1,15,7],"tags":[2698,2691,2705,2704],"class_list":["post-91090","post","type-post","status-publish","format-standard","has-post-thumbnail","hentry","category-mppee","category-nacionales","category-sen","tag-barinas","tag-corpoelec","tag-electricidad","tag-mantenimiento"],"_links":{"self":[{"href":"https:\/\/mppee.gob.ve\/index.php?rest_route=\/wp\/v2\/posts\/91090","targetHints":{"allow":["GET"]}}],"collection":[{"href":"https:\/\/mppee.gob.ve\/index.php?rest_route=\/wp\/v2\/posts"}],"about":[{"href":"https:\/\/mppee.gob.ve\/index.php?rest_route=\/wp\/v2\/types\/post"}],"author":[{"embeddable":true,"href":"https:\/\/mppee.gob.ve\/index.php?rest_route=\/wp\/v2\/users\/24"}],"replies":[{"embeddable":true,"href":"https:\/\/mppee.gob.ve\/index.php?rest_route=%2Fwp%2Fv2%2Fcomments&post=91090"}],"version-history":[{"count":2,"href":"https:\/\/mppee.gob.ve\/index.php?rest_route=\/wp\/v2\/posts\/91090\/revisions"}],"predecessor-version":[{"id":91094,"href":"https:\/\/mppee.gob.ve\/index.php?rest_route=\/wp\/v2\/posts\/91090\/revisions\/91094"}],"wp:featuredmedia":[{"embeddable":true,"href":"https:\/\/mppee.gob.ve\/index.php?rest_route=\/wp\/v2\/media\/91091"}],"wp:attachment":[{"href":"https:\/\/mppee.gob.ve\/index.php?rest_route=%2Fwp%2Fv2%2Fmedia&parent=91090"}],"wp:term":[{"taxonomy":"category","embeddable":true,"href":"https:\/\/mppee.gob.ve\/index.php?rest_route=%2Fwp%2Fv2%2Fcategories&post=91090"},{"taxonomy":"post_tag","embeddable":true,"href":"https:\/\/mppee.gob.ve\/index.php?rest_route=%2Fwp%2Fv2%2Ftags&post=91090"}],"curies":[{"name":"wp","href":"https:\/\/api.w.org\/{rel}","templated":true}]}}