{"id":91141,"date":"2024-08-28T01:15:59","date_gmt":"2024-08-28T01:15:59","guid":{"rendered":"http:\/\/mppee.gob.ve\/?p=91141"},"modified":"2024-08-28T01:50:04","modified_gmt":"2024-08-28T01:50:04","slug":"recuperado-servicio-electrico-en-distrito-capital-la-guaira-y-miranda-tras-nuevo-ataque-al-sen","status":"publish","type":"post","link":"https:\/\/mppee.gob.ve\/?p=91141","title":{"rendered":"Recuperado servicio el\u00e9ctrico en Distrito Capital, La Guaira y Miranda tras nuevo ataque al SEN"},"content":{"rendered":"\n<p><strong>San Bernardino, Caracas.-<\/strong> Tras un nuevo ataque terrorista al Sistema El\u00e9ctrico Nacional (SEN), el ministro del Poder Popular para Relaciones Interiores, Justicia y Paz, Diosdado Cabello, inform\u00f3 que el servicio fue restablecido en Distrito Capital, La Guaira y Miranda.<br><br>El sabotaje al servicio el\u00e9ctrico se registr\u00f3 a las 7:16 PM de este martes, en la L\u00ednea 765 que comprende desde Valle de la Pascua, en el estado Gu\u00e1rico, hasta Valencia, estado Carabobo, provocando la interrupci\u00f3n en los estados T\u00e1chira, M\u00e9rida, Barinas, Zulia, Falc\u00f3n, Nueva Esparta y parte de La Guaira, Miranda y Distrito Capital.<br><br>\u201cAtacaron una torre, ya fue detectado el lugar, hemos estabilizado el sistema y comenz\u00f3 ya a recuperarse el servicio en algunos lugares\u201d, puntualiz\u00f3.<br><br>Destac\u00f3 que estas estrategias son guiones repetidos de los sectores opositores \u201ccuando ellos se ven derrotados, cuando ellos saben que la paz est\u00e1 reinando en toda Venezuela, comienzan a atacar\u201d, asever\u00f3.<br><br>Asimismo, denunci\u00f3 que estos grupos terroristas buscan generar zozobra y angustia en la poblaci\u00f3n venezolana <br><br>\u201cSon sectores opositores enemigos de este pa\u00eds, enemigos de nuestro pueblo que han utilizado para tratar de hacernos da\u00f1o, para tratar de afectar a la poblaci\u00f3n para hacer que el entusiasmo, la alegr\u00eda de nuestro pueblo se vea afectada\u201d, apunt\u00f3.<br><br>Ante ello, exhort\u00f3 al pueblo venezolano a estar alertas y denunciar cualquier ataque que atente contra el servicio. <br><br>\u201cEn nombre del Gobierno Bolivariano, del Gobierno revolucionario alertamos a nuestro pueblo de esta cualquier situaci\u00f3n anormal y no duden que nosotros vamos a tomar las acciones de manera inmediata\u201d, alert\u00f3 Cabello.<br><br><strong>Prensa MPPEE-Corpoelec \/ Joelin Jim\u00e9nez<\/strong><\/p>\n","protected":false},"excerpt":{"rendered":"<p>San Bernardino, Caracas.- Tras un nuevo ataque terrorista al Sistema El\u00e9ctrico Nacional (SEN), el ministro del Poder Popular para Relaciones<\/p>\n","protected":false},"author":22,"featured_media":91142,"comment_status":"closed","ping_status":"closed","sticky":false,"template":"","format":"standard","meta":{"footnotes":""},"categories":[1,15,7],"tags":[2691,11,46],"class_list":["post-91141","post","type-post","status-publish","format-standard","has-post-thumbnail","hentry","category-mppee","category-nacionales","category-sen","tag-corpoelec","tag-mppee","tag-venezuela"],"_links":{"self":[{"href":"https:\/\/mppee.gob.ve\/index.php?rest_route=\/wp\/v2\/posts\/91141","targetHints":{"allow":["GET"]}}],"collection":[{"href":"https:\/\/mppee.gob.ve\/index.php?rest_route=\/wp\/v2\/posts"}],"about":[{"href":"https:\/\/mppee.gob.ve\/index.php?rest_route=\/wp\/v2\/types\/post"}],"author":[{"embeddable":true,"href":"https:\/\/mppee.gob.ve\/index.php?rest_route=\/wp\/v2\/users\/22"}],"replies":[{"embeddable":true,"href":"https:\/\/mppee.gob.ve\/index.php?rest_route=%2Fwp%2Fv2%2Fcomments&post=91141"}],"version-history":[{"count":4,"href":"https:\/\/mppee.gob.ve\/index.php?rest_route=\/wp\/v2\/posts\/91141\/revisions"}],"predecessor-version":[{"id":91146,"href":"https:\/\/mppee.gob.ve\/index.php?rest_route=\/wp\/v2\/posts\/91141\/revisions\/91146"}],"wp:featuredmedia":[{"embeddable":true,"href":"https:\/\/mppee.gob.ve\/index.php?rest_route=\/wp\/v2\/media\/91142"}],"wp:attachment":[{"href":"https:\/\/mppee.gob.ve\/index.php?rest_route=%2Fwp%2Fv2%2Fmedia&parent=91141"}],"wp:term":[{"taxonomy":"category","embeddable":true,"href":"https:\/\/mppee.gob.ve\/index.php?rest_route=%2Fwp%2Fv2%2Fcategories&post=91141"},{"taxonomy":"post_tag","embeddable":true,"href":"https:\/\/mppee.gob.ve\/index.php?rest_route=%2Fwp%2Fv2%2Ftags&post=91141"}],"curies":[{"name":"wp","href":"https:\/\/api.w.org\/{rel}","templated":true}]}}