{"id":91159,"date":"2024-08-28T22:44:06","date_gmt":"2024-08-28T22:44:06","guid":{"rendered":"http:\/\/mppee.gob.ve\/?p=91159"},"modified":"2024-08-28T22:44:08","modified_gmt":"2024-08-28T22:44:08","slug":"corpoelec-brindara-atencion-a-usuarios-en-zonas-comerciales-del-estado-sucre-detalles","status":"publish","type":"post","link":"https:\/\/mppee.gob.ve\/?p=91159","title":{"rendered":"Corpoelec brindar\u00e1 atenci\u00f3n a usuarios en zonas comerciales del estado Sucre (+Detalles)"},"content":{"rendered":"\n<p><strong>Estado Sucre.-<\/strong> Desde este jueves 29 hasta el s\u00e1bado 31 de agosto, la Corporaci\u00f3n El\u00e9ctrica Nacional (Corpoelec) se desplegar\u00e1 por las zonas comerciales de Marig\u00fcitar, Santa Fe, Car\u00fapano, Cariaco y Cuman\u00e1 para brindarle atenci\u00f3n personalizada a los usuarios del estado Sucre. <\/p>\n\n\n\n<p>Desde las 9 de la ma\u00f1ana hasta las 3 de la tarde, los trabajadores de la estatal el\u00e9ctrica orientar\u00e1n a las personas que deseen realizar actualizaci\u00f3n de datos, notificaci\u00f3n de deuda y pago de facturas, a trav\u00e9s de puntos de venta. <\/p>\n\n\n\n<p>A continuaci\u00f3n detallamos la ubicaci\u00f3n de los cinco puntos de atenci\u00f3n al usuario: <\/p>\n\n\n\n<p>\u2022 Marig\u00fcitar: Comercios del poblado de Marig\u00fcitar, ubicados en el municipio Bol\u00edvar. <\/p>\n\n\n\n<p>\u2022 Santa Fe: Comercios del poblado de Santa Fe, ubicados en el municipio Sucre. <\/p>\n\n\n\n<p>\u2022 Car\u00fapano: Comercios de la ciudad de Car\u00fapano, ubicados en el municipio Berm\u00fadez. <\/p>\n\n\n\n<p>\u2022 Cariaco: Comercios del poblado de Cariaco, ubicados en el municipio Ribero. <\/p>\n\n\n\n<p>\u2022 Cuman\u00e1: Comercios de la ciudad de Cuman\u00e1, ubicados en el municipio Sucre. <\/p>\n\n\n\n<p>Para mayor informaci\u00f3n sobre las Jornadas Integrales de Atenci\u00f3n al Usuario, puede visitar la cuenta <a href=\"https:\/\/t.me\/corpoelecinfo\">@corpoelecinfo<\/a> en la red social Instagram. <\/p>\n\n\n\n<p><strong>Prensa MPPEE-Corpoelec<\/strong><\/p>\n","protected":false},"excerpt":{"rendered":"<p>Estado Sucre.- Desde este jueves 29 hasta el s\u00e1bado 31 de agosto, la Corporaci\u00f3n El\u00e9ctrica Nacional (Corpoelec) se desplegar\u00e1 por<\/p>\n","protected":false},"author":22,"featured_media":91160,"comment_status":"closed","ping_status":"closed","sticky":false,"template":"","format":"standard","meta":{"footnotes":""},"categories":[1,30,7],"tags":[2691,11,2693,46],"class_list":["post-91159","post","type-post","status-publish","format-standard","has-post-thumbnail","hentry","category-mppee","category-regionales","category-sen","tag-corpoelec","tag-mppee","tag-sucre","tag-venezuela"],"_links":{"self":[{"href":"https:\/\/mppee.gob.ve\/index.php?rest_route=\/wp\/v2\/posts\/91159","targetHints":{"allow":["GET"]}}],"collection":[{"href":"https:\/\/mppee.gob.ve\/index.php?rest_route=\/wp\/v2\/posts"}],"about":[{"href":"https:\/\/mppee.gob.ve\/index.php?rest_route=\/wp\/v2\/types\/post"}],"author":[{"embeddable":true,"href":"https:\/\/mppee.gob.ve\/index.php?rest_route=\/wp\/v2\/users\/22"}],"replies":[{"embeddable":true,"href":"https:\/\/mppee.gob.ve\/index.php?rest_route=%2Fwp%2Fv2%2Fcomments&post=91159"}],"version-history":[{"count":1,"href":"https:\/\/mppee.gob.ve\/index.php?rest_route=\/wp\/v2\/posts\/91159\/revisions"}],"predecessor-version":[{"id":91161,"href":"https:\/\/mppee.gob.ve\/index.php?rest_route=\/wp\/v2\/posts\/91159\/revisions\/91161"}],"wp:featuredmedia":[{"embeddable":true,"href":"https:\/\/mppee.gob.ve\/index.php?rest_route=\/wp\/v2\/media\/91160"}],"wp:attachment":[{"href":"https:\/\/mppee.gob.ve\/index.php?rest_route=%2Fwp%2Fv2%2Fmedia&parent=91159"}],"wp:term":[{"taxonomy":"category","embeddable":true,"href":"https:\/\/mppee.gob.ve\/index.php?rest_route=%2Fwp%2Fv2%2Fcategories&post=91159"},{"taxonomy":"post_tag","embeddable":true,"href":"https:\/\/mppee.gob.ve\/index.php?rest_route=%2Fwp%2Fv2%2Ftags&post=91159"}],"curies":[{"name":"wp","href":"https:\/\/api.w.org\/{rel}","templated":true}]}}