{"id":91178,"date":"2024-08-29T21:19:20","date_gmt":"2024-08-29T21:19:20","guid":{"rendered":"http:\/\/mppee.gob.ve\/?p=91178"},"modified":"2024-08-29T23:05:11","modified_gmt":"2024-08-29T23:05:11","slug":"corpoelec-despliega-jornadas-de-atencion-al-usuario-este-31-a-en-miranda","status":"publish","type":"post","link":"https:\/\/mppee.gob.ve\/?p=91178","title":{"rendered":"Corpoelec despliega jornadas de atenci\u00f3n al usuario este 31-A en Miranda"},"content":{"rendered":"\n<p><strong>Estado Miranda.-<\/strong> Este s\u00e1bado 31 de agosto, la Corporaci\u00f3n El\u00e9ctrica Nacional (Corpoelec) desplegar\u00e1 Jornadas Integrales de Atenci\u00f3n al Usuario por los municipios del estado Miranda, para brindar asesor\u00eda y acompa\u00f1amiento en los tr\u00e1mites relacionados con el servicio el\u00e9ctrico.<\/p>\n\n\n\n<p>En dichas jornadas, que se realizar\u00e1n entre las 9 de la ma\u00f1ana y las 2 de la tarde, las personas naturales y jur\u00eddicas de la entidad podr\u00e1n obtener informaci\u00f3n sobre Actualizaci\u00f3n de datos, notificaci\u00f3n de deudas y pago de factura, a trav\u00e9s de puntos de venta.<\/p>\n\n\n\n<p>A continuaci\u00f3n conozca la ubicaci\u00f3n de los puntos de atenci\u00f3n al usuario habilitados:<\/p>\n\n\n\n<ul class=\"wp-block-list\">\n<li><strong>Municipio Zamora: <\/strong>Centro Comercial Villa Heroica, Guatire.<\/li>\n\n\n\n<li><strong>Municipio Sim\u00f3n Bol\u00edvar:<\/strong> Urbanizaci\u00f3n El Ave Mar\u00eda Manzana 6 Antigua Bodega De Hormidas.<\/li>\n\n\n\n<li><strong>Municipio Independencia: <\/strong>Residencias Altamira, parroquia Santa Teresa.<\/li>\n\n\n\n<li><strong>Municipio Guaicaipuro:<\/strong> Centro Comercial Libador, nivel PB, Casco Central de Paracotos y Centro Comercial Luz El\u00e9ctrica, calle Miquilen, piso 2.<\/li>\n\n\n\n<li><strong>Municipio Los Sal\u00edas: <\/strong>Centro Comercial Galer\u00edas Las Am\u00e9ricas, piso 1, carretera Panamericana kil\u00f3metro 15.<\/li>\n<\/ul>\n\n\n\n<p>Para mayor informaci\u00f3n sobre las Jornadas Integrales de Atenci\u00f3n al Usuario, puede visitar la cuenta @corpoelecinfo en la red social Instagram.<\/p>\n\n\n\n<p><strong>Prensa MPPEE-Corpoelec<\/strong><\/p>\n","protected":false},"excerpt":{"rendered":"<p>Estado Miranda.- Este s\u00e1bado 31 de agosto, la Corporaci\u00f3n El\u00e9ctrica Nacional (Corpoelec) desplegar\u00e1 Jornadas Integrales de Atenci\u00f3n al Usuario por<\/p>\n","protected":false},"author":22,"featured_media":91179,"comment_status":"closed","ping_status":"closed","sticky":false,"template":"","format":"standard","meta":{"footnotes":""},"categories":[1,30,7],"tags":[2691,2709,11,46],"class_list":["post-91178","post","type-post","status-publish","format-standard","has-post-thumbnail","hentry","category-mppee","category-regionales","category-sen","tag-corpoelec","tag-miranda","tag-mppee","tag-venezuela"],"_links":{"self":[{"href":"https:\/\/mppee.gob.ve\/index.php?rest_route=\/wp\/v2\/posts\/91178","targetHints":{"allow":["GET"]}}],"collection":[{"href":"https:\/\/mppee.gob.ve\/index.php?rest_route=\/wp\/v2\/posts"}],"about":[{"href":"https:\/\/mppee.gob.ve\/index.php?rest_route=\/wp\/v2\/types\/post"}],"author":[{"embeddable":true,"href":"https:\/\/mppee.gob.ve\/index.php?rest_route=\/wp\/v2\/users\/22"}],"replies":[{"embeddable":true,"href":"https:\/\/mppee.gob.ve\/index.php?rest_route=%2Fwp%2Fv2%2Fcomments&post=91178"}],"version-history":[{"count":2,"href":"https:\/\/mppee.gob.ve\/index.php?rest_route=\/wp\/v2\/posts\/91178\/revisions"}],"predecessor-version":[{"id":91190,"href":"https:\/\/mppee.gob.ve\/index.php?rest_route=\/wp\/v2\/posts\/91178\/revisions\/91190"}],"wp:featuredmedia":[{"embeddable":true,"href":"https:\/\/mppee.gob.ve\/index.php?rest_route=\/wp\/v2\/media\/91179"}],"wp:attachment":[{"href":"https:\/\/mppee.gob.ve\/index.php?rest_route=%2Fwp%2Fv2%2Fmedia&parent=91178"}],"wp:term":[{"taxonomy":"category","embeddable":true,"href":"https:\/\/mppee.gob.ve\/index.php?rest_route=%2Fwp%2Fv2%2Fcategories&post=91178"},{"taxonomy":"post_tag","embeddable":true,"href":"https:\/\/mppee.gob.ve\/index.php?rest_route=%2Fwp%2Fv2%2Ftags&post=91178"}],"curies":[{"name":"wp","href":"https:\/\/api.w.org\/{rel}","templated":true}]}}