{"id":91181,"date":"2024-08-29T22:18:28","date_gmt":"2024-08-29T22:18:28","guid":{"rendered":"http:\/\/mppee.gob.ve\/?p=91181"},"modified":"2024-08-29T22:24:14","modified_gmt":"2024-08-29T22:24:14","slug":"jornadas-de-atencion-al-usuario-de-corpoelec-se-despliegan-en-cojedes","status":"publish","type":"post","link":"https:\/\/mppee.gob.ve\/?p=91181","title":{"rendered":"Jornadas de atenci\u00f3n al usuario de Corpoelec se despliegan en Cojedes"},"content":{"rendered":"\n<p><strong>Estado Cojedes.-<\/strong> El pr\u00f3ximo s\u00e1bado 31 de agosto, la Corporaci\u00f3n El\u00e9ctrica Nacional (Corpoelec) despliega Jornadas Integrales de Atenci\u00f3n al Usuario en el estado Cojedes, con el prop\u00f3sito de garantizar a los venezolanos la asesor\u00eda para realizar los tr\u00e1mites relacionados al servicio el\u00e9ctrico.<\/p>\n\n\n\n<p>En este sentido, Corpoelec habilitar\u00e1 stands a trav\u00e9s de los Centros Integrales de Atenci\u00f3n al Usuario (CIAU) para brindar la atenci\u00f3n a los usuarios y usuarias en actualizaci\u00f3n de datos, notificaci\u00f3n de deudas, pago de facturas, recepci\u00f3n de reclamos y asesor\u00edas de pagos por Banca en L\u00ednea.<\/p>\n\n\n\n<p>A continuaci\u00f3n, se detalla la ubicaci\u00f3n de los stands que estar\u00e1n disponibles en un horario comprendido desde las 8:00 AM hasta las 2:00 PM.<\/p>\n\n\n\n<ul class=\"wp-block-list\">\n<li>Complejo Habitacional Batalla de Jun\u00edn, sector Buenos Aires, parroquia Jos\u00e9 Laurencio Silva, municipio Tinaco.<\/li>\n\n\n\n<li>Calle Silva, Colina y P\u00e1ez, parroquia Tinaquillo, municipio Tinaquillo.<\/li>\n\n\n\n<li>Avenida Bol\u00edvar, frente a la Comercializadora Veneven, parroquia San Carlos de Austria, municipio Ezequiel Zamora.<\/li>\n\n\n\n<li>Sector El Sam\u00e1n, parroquia El Ba\u00fal, municipio Girardot.<\/li>\n<\/ul>\n\n\n\n<p>Es importante acotar que el m\u00e9todo de pago autorizado ser\u00e1 punto de venta.<\/p>\n\n\n\n<p>Para mayor informaci\u00f3n sobre las Jornadas Integrales de Atenci\u00f3n al Usuario, puede visitar la cuenta @corpoelecinfo en la red social Instagram.<\/p>\n\n\n\n<p><strong>Prensa MPPEE-Corpoelec<\/strong><\/p>\n","protected":false},"excerpt":{"rendered":"<p>Estado Cojedes.- El pr\u00f3ximo s\u00e1bado 31 de agosto, la Corporaci\u00f3n El\u00e9ctrica Nacional (Corpoelec) despliega Jornadas Integrales de Atenci\u00f3n al Usuario<\/p>\n","protected":false},"author":22,"featured_media":91185,"comment_status":"closed","ping_status":"closed","sticky":false,"template":"","format":"standard","meta":{"footnotes":""},"categories":[1,30,7],"tags":[2710,2691,11,46],"class_list":["post-91181","post","type-post","status-publish","format-standard","has-post-thumbnail","hentry","category-mppee","category-regionales","category-sen","tag-cojedes","tag-corpoelec","tag-mppee","tag-venezuela"],"_links":{"self":[{"href":"https:\/\/mppee.gob.ve\/index.php?rest_route=\/wp\/v2\/posts\/91181","targetHints":{"allow":["GET"]}}],"collection":[{"href":"https:\/\/mppee.gob.ve\/index.php?rest_route=\/wp\/v2\/posts"}],"about":[{"href":"https:\/\/mppee.gob.ve\/index.php?rest_route=\/wp\/v2\/types\/post"}],"author":[{"embeddable":true,"href":"https:\/\/mppee.gob.ve\/index.php?rest_route=\/wp\/v2\/users\/22"}],"replies":[{"embeddable":true,"href":"https:\/\/mppee.gob.ve\/index.php?rest_route=%2Fwp%2Fv2%2Fcomments&post=91181"}],"version-history":[{"count":1,"href":"https:\/\/mppee.gob.ve\/index.php?rest_route=\/wp\/v2\/posts\/91181\/revisions"}],"predecessor-version":[{"id":91183,"href":"https:\/\/mppee.gob.ve\/index.php?rest_route=\/wp\/v2\/posts\/91181\/revisions\/91183"}],"wp:featuredmedia":[{"embeddable":true,"href":"https:\/\/mppee.gob.ve\/index.php?rest_route=\/wp\/v2\/media\/91185"}],"wp:attachment":[{"href":"https:\/\/mppee.gob.ve\/index.php?rest_route=%2Fwp%2Fv2%2Fmedia&parent=91181"}],"wp:term":[{"taxonomy":"category","embeddable":true,"href":"https:\/\/mppee.gob.ve\/index.php?rest_route=%2Fwp%2Fv2%2Fcategories&post=91181"},{"taxonomy":"post_tag","embeddable":true,"href":"https:\/\/mppee.gob.ve\/index.php?rest_route=%2Fwp%2Fv2%2Ftags&post=91181"}],"curies":[{"name":"wp","href":"https:\/\/api.w.org\/{rel}","templated":true}]}}