{"id":91207,"date":"2024-08-30T15:15:59","date_gmt":"2024-08-30T15:15:59","guid":{"rendered":"http:\/\/mppee.gob.ve\/?p=91207"},"modified":"2024-08-30T15:57:13","modified_gmt":"2024-08-30T15:57:13","slug":"la-justicia-actuara-contra-quienes-ataquen-al-sen","status":"publish","type":"post","link":"https:\/\/mppee.gob.ve\/?p=91207","title":{"rendered":"La justicia actuar\u00e1 contra quienes ataquen al SEN"},"content":{"rendered":"\n<p>San Bernardino, Caracas.- A quienes planifiquen o perpetren ataques contra el Sistema El\u00e9ctrico Nacional (SEN), la justicia venezolana actuar\u00e1 para garantizar la tranquilidad de los venezolanos.<\/p>\n\n\n\n<p>\u00abLos que atacan el SEN, los que planifican estas actividades contra nuestro pueblo tengan la seguridad que los organismos del Estado les van a llegar, tengan la seguridad de que aqu\u00ed habra justicia y eso le da tranquilidad a nuestro pueblo\u00bb, sentenci\u00f3 el vicepresidente de Pol\u00edtica, Seguridad Ciudadana y Paz, Diosdado Cabello.<\/p>\n\n\n\n<p>A trav\u00e9s de un contacto telef\u00f3nico con Venezolana de Televisi\u00f3n (VTV), denunci\u00f3 que voceros de la derecha venezolana posicionaron en redes sociales la etiqueta #SinLuz a minutos de registrarse la interrupci\u00f3n del servicio el\u00e9ctrico, producto del sabotaje a la infraestructura del SEN.<\/p>\n\n\n\n<p>Cabello record\u00f3 que el presidente de la Rep\u00fablica, Nicol\u00e1s Maduro, ya hab\u00eda se\u00f1alado que exist\u00edan maniobras para atentar contra la estabilidad del pueblo venezolano.<\/p>\n\n\n\n<p>\u00abTen\u00edamos la certeza que este nuevo ataque iba a pasar\u00bb, apunt\u00f3.A las 4:45 de la ma\u00f1ana, se registr\u00f3 un ataque contra el SEN que afect\u00f3 el servicio el\u00e9ctrico en varios estados del pa\u00eds.<\/p>\n\n\n\n<p>Prensa MPPEE &#8211; Corpoelec<\/p>\n","protected":false},"excerpt":{"rendered":"<p>San Bernardino, Caracas.- A quienes planifiquen o perpetren ataques contra el Sistema El\u00e9ctrico Nacional (SEN), la justicia venezolana actuar\u00e1 para<\/p>\n","protected":false},"author":24,"featured_media":91142,"comment_status":"closed","ping_status":"closed","sticky":false,"template":"","format":"standard","meta":{"footnotes":""},"categories":[1,15,30,7],"tags":[2712,2711],"class_list":["post-91207","post","type-post","status-publish","format-standard","has-post-thumbnail","hentry","category-mppee","category-nacionales","category-regionales","category-sen","tag-diosdado-cabello","tag-justicia"],"_links":{"self":[{"href":"https:\/\/mppee.gob.ve\/index.php?rest_route=\/wp\/v2\/posts\/91207","targetHints":{"allow":["GET"]}}],"collection":[{"href":"https:\/\/mppee.gob.ve\/index.php?rest_route=\/wp\/v2\/posts"}],"about":[{"href":"https:\/\/mppee.gob.ve\/index.php?rest_route=\/wp\/v2\/types\/post"}],"author":[{"embeddable":true,"href":"https:\/\/mppee.gob.ve\/index.php?rest_route=\/wp\/v2\/users\/24"}],"replies":[{"embeddable":true,"href":"https:\/\/mppee.gob.ve\/index.php?rest_route=%2Fwp%2Fv2%2Fcomments&post=91207"}],"version-history":[{"count":1,"href":"https:\/\/mppee.gob.ve\/index.php?rest_route=\/wp\/v2\/posts\/91207\/revisions"}],"predecessor-version":[{"id":91209,"href":"https:\/\/mppee.gob.ve\/index.php?rest_route=\/wp\/v2\/posts\/91207\/revisions\/91209"}],"wp:featuredmedia":[{"embeddable":true,"href":"https:\/\/mppee.gob.ve\/index.php?rest_route=\/wp\/v2\/media\/91142"}],"wp:attachment":[{"href":"https:\/\/mppee.gob.ve\/index.php?rest_route=%2Fwp%2Fv2%2Fmedia&parent=91207"}],"wp:term":[{"taxonomy":"category","embeddable":true,"href":"https:\/\/mppee.gob.ve\/index.php?rest_route=%2Fwp%2Fv2%2Fcategories&post=91207"},{"taxonomy":"post_tag","embeddable":true,"href":"https:\/\/mppee.gob.ve\/index.php?rest_route=%2Fwp%2Fv2%2Ftags&post=91207"}],"curies":[{"name":"wp","href":"https:\/\/api.w.org\/{rel}","templated":true}]}}