{"id":91217,"date":"2024-08-30T20:21:00","date_gmt":"2024-08-30T20:21:00","guid":{"rendered":"http:\/\/mppee.gob.ve\/?p=91217"},"modified":"2024-09-02T17:56:13","modified_gmt":"2024-09-02T17:56:13","slug":"presidente-maduro-denuncia-ataque-a-central-hidroelectrica-simon-bolivar","status":"publish","type":"post","link":"https:\/\/mppee.gob.ve\/?p=91217","title":{"rendered":"Presidente Maduro denuncia ataque a Central Hidroel\u00e9ctrica Sim\u00f3n Bol\u00edvar"},"content":{"rendered":"\n<p><strong>San Bernardino, Caracas.- <\/strong>El presidente de la Rep\u00fablica, Nicol\u00e1s Maduro, denunci\u00f3 este viernes que sectores extremistas atacaron el coraz\u00f3n del Sistema El\u00e9ctrico Nacional (SEN), la Central Hidroel\u00e9ctrica Sim\u00f3n Bol\u00edvar, ubicada en la Represa del Guri, en el estado Bol\u00edvar. <\/p>\n\n\n\n<p>Record\u00f3 que las estrategias de sabotaje contra el SEN se han venido ejecutando desde hace unos d\u00edas, \u201cpreparaban una guerra el\u00e9ctrica brutal contra el Guri\u201d, subray\u00f3 desde el Puesto de Comando Presidencial, en Miraflores. <\/p>\n\n\n\n<p>Maduro rechaz\u00f3 que estos sectores subestimen al pueblo venezolano \u201ccreyendo que ellos ten\u00edan el favor hecho ya, subestimando la conciencia que tiene el pueblo, la capacidad que tiene la uni\u00f3n c\u00edvico-militar-policial para enfrentar situaciones, y defender su derecho a la paz, a la tranquilidad y a la independencia\u201d. <\/p>\n\n\n\n<p>El Jefe de Estado detall\u00f3 que este nuevo ataque tiene caracter\u00edsticas distintas por los mecanismos utilizados para interrumpir el servicio el\u00e9ctrico en el pa\u00eds, desde la Central Hidroel\u00e9ctrica Sim\u00f3n Bol\u00edvar y las cercan\u00edas. <\/p>\n\n\n\n<p>Al respecto, inform\u00f3 que se desarrollan las labores de investigaci\u00f3n para determinar los responsables. \u201cSe lograr\u00e1 la justicia\u201d ante el ataque a los sistemas de generaci\u00f3n y transmisi\u00f3n del servicio el\u00e9ctrico. <\/p>\n\n\n\n<p><strong>Prensa MPPEE-Corpoelec<\/strong><\/p>\n","protected":false},"excerpt":{"rendered":"<p>San Bernardino, Caracas.- El presidente de la Rep\u00fablica, Nicol\u00e1s Maduro, denunci\u00f3 este viernes que sectores extremistas atacaron el coraz\u00f3n del<\/p>\n","protected":false},"author":24,"featured_media":91218,"comment_status":"closed","ping_status":"closed","sticky":false,"template":"","format":"standard","meta":{"footnotes":""},"categories":[1,15,7],"tags":[111,2691,11,46],"class_list":["post-91217","post","type-post","status-publish","format-standard","has-post-thumbnail","hentry","category-mppee","category-nacionales","category-sen","tag-caracas","tag-corpoelec","tag-mppee","tag-venezuela"],"_links":{"self":[{"href":"https:\/\/mppee.gob.ve\/index.php?rest_route=\/wp\/v2\/posts\/91217","targetHints":{"allow":["GET"]}}],"collection":[{"href":"https:\/\/mppee.gob.ve\/index.php?rest_route=\/wp\/v2\/posts"}],"about":[{"href":"https:\/\/mppee.gob.ve\/index.php?rest_route=\/wp\/v2\/types\/post"}],"author":[{"embeddable":true,"href":"https:\/\/mppee.gob.ve\/index.php?rest_route=\/wp\/v2\/users\/24"}],"replies":[{"embeddable":true,"href":"https:\/\/mppee.gob.ve\/index.php?rest_route=%2Fwp%2Fv2%2Fcomments&post=91217"}],"version-history":[{"count":1,"href":"https:\/\/mppee.gob.ve\/index.php?rest_route=\/wp\/v2\/posts\/91217\/revisions"}],"predecessor-version":[{"id":91219,"href":"https:\/\/mppee.gob.ve\/index.php?rest_route=\/wp\/v2\/posts\/91217\/revisions\/91219"}],"wp:featuredmedia":[{"embeddable":true,"href":"https:\/\/mppee.gob.ve\/index.php?rest_route=\/wp\/v2\/media\/91218"}],"wp:attachment":[{"href":"https:\/\/mppee.gob.ve\/index.php?rest_route=%2Fwp%2Fv2%2Fmedia&parent=91217"}],"wp:term":[{"taxonomy":"category","embeddable":true,"href":"https:\/\/mppee.gob.ve\/index.php?rest_route=%2Fwp%2Fv2%2Fcategories&post=91217"},{"taxonomy":"post_tag","embeddable":true,"href":"https:\/\/mppee.gob.ve\/index.php?rest_route=%2Fwp%2Fv2%2Ftags&post=91217"}],"curies":[{"name":"wp","href":"https:\/\/api.w.org\/{rel}","templated":true}]}}