{"id":91228,"date":"2024-08-30T20:15:00","date_gmt":"2024-08-30T20:15:00","guid":{"rendered":"http:\/\/mppee.gob.ve\/?p=91228"},"modified":"2024-09-02T22:09:34","modified_gmt":"2024-09-02T22:09:34","slug":"derecha-extremista-perpetra-una-guerrilla-contra-los-sistemas-de-transmision-electrica","status":"publish","type":"post","link":"https:\/\/mppee.gob.ve\/?p=91228","title":{"rendered":"Derecha extremista perpetra una guerrilla contra los sistemas de transmisi\u00f3n el\u00e9ctrica"},"content":{"rendered":"\n<p><strong>San Bernardino, Caracas.- <\/strong>El ataque contra el Sistema El\u00e9ctrico Nacional (SEN) sigue el patr\u00f3n de \u201cguerra de guerrillas\u201d, enfil\u00e1ndose contra los procesos de transmisi\u00f3n para generar desestabilizaci\u00f3n.<\/p>\n\n\n\n<p>Las palabras corresponden al presidente de la Rep\u00fablica, Nicol\u00e1s Maduro, quien se\u00f1al\u00f3 que el martes 27 de agosto sectores extremistas \u201cintentaron y lograron parcialmente apagar el pa\u00eds\u201d, sin embargo, la oportuna actuaci\u00f3n de los trabajadores del sector el\u00e9ctrico permiti\u00f3 recuperar el servicio en tiempo r\u00e9cord.<\/p>\n\n\n\n<p>\u201cEn tiempo r\u00e9cord recuperamos la transmisi\u00f3n porque no afectaron la generaci\u00f3n. Son ataques como de guerra de guerrillas, una especie de guerrilla contra los sistemas de transmisi\u00f3n\u201d, apunt\u00f3.<\/p>\n\n\n\n<p>La maniobra de sabotaje pretend\u00eda extender la ausencia del servicio el\u00e9ctrico hasta el 28 de agosto para causar \u201cuna perturbaci\u00f3n\u201d, acci\u00f3n que coincidir\u00eda con la movilizaci\u00f3n convocada por la derecha a prop\u00f3sito de cumplirse un mes de las elecciones presidenciales.<\/p>\n\n\n\n<p>\u201cAfortunadamente se repuso inmediatamente. Ya todo el mundo sabe que el 28 de agosto en m\u00e1s de 100 ciudades, hicimos inmensas movilizaciones del pueblo combatiente en paz, mientras que en todos los puntos convocados por las corrientes fascistas que quieren violencia y venganza se qued\u00f3 sola\u201d, afirm\u00f3.<\/p>\n\n\n\n<p>Previamente, el Jefe de Estado reiter\u00f3 que sobre Venezuela \u201chay una conspiraci\u00f3n permanente\u201d, ejecutado por sectores fascistas en alianza con la derecha internacional y financiado por el imperio estadounidense.<\/p>\n\n\n\n<p><strong>Prensa MPPEE &#8211; Corpoelec<\/strong><\/p>\n","protected":false},"excerpt":{"rendered":"<p>San Bernardino, Caracas.- El ataque contra el Sistema El\u00e9ctrico Nacional (SEN) sigue el patr\u00f3n de \u201cguerra de guerrillas\u201d, enfil\u00e1ndose contra<\/p>\n","protected":false},"author":24,"featured_media":91247,"comment_status":"closed","ping_status":"closed","sticky":false,"template":"","format":"standard","meta":{"footnotes":""},"categories":[1,15,7],"tags":[],"class_list":["post-91228","post","type-post","status-publish","format-standard","has-post-thumbnail","hentry","category-mppee","category-nacionales","category-sen"],"_links":{"self":[{"href":"https:\/\/mppee.gob.ve\/index.php?rest_route=\/wp\/v2\/posts\/91228","targetHints":{"allow":["GET"]}}],"collection":[{"href":"https:\/\/mppee.gob.ve\/index.php?rest_route=\/wp\/v2\/posts"}],"about":[{"href":"https:\/\/mppee.gob.ve\/index.php?rest_route=\/wp\/v2\/types\/post"}],"author":[{"embeddable":true,"href":"https:\/\/mppee.gob.ve\/index.php?rest_route=\/wp\/v2\/users\/24"}],"replies":[{"embeddable":true,"href":"https:\/\/mppee.gob.ve\/index.php?rest_route=%2Fwp%2Fv2%2Fcomments&post=91228"}],"version-history":[{"count":1,"href":"https:\/\/mppee.gob.ve\/index.php?rest_route=\/wp\/v2\/posts\/91228\/revisions"}],"predecessor-version":[{"id":91230,"href":"https:\/\/mppee.gob.ve\/index.php?rest_route=\/wp\/v2\/posts\/91228\/revisions\/91230"}],"wp:featuredmedia":[{"embeddable":true,"href":"https:\/\/mppee.gob.ve\/index.php?rest_route=\/wp\/v2\/media\/91247"}],"wp:attachment":[{"href":"https:\/\/mppee.gob.ve\/index.php?rest_route=%2Fwp%2Fv2%2Fmedia&parent=91228"}],"wp:term":[{"taxonomy":"category","embeddable":true,"href":"https:\/\/mppee.gob.ve\/index.php?rest_route=%2Fwp%2Fv2%2Fcategories&post=91228"},{"taxonomy":"post_tag","embeddable":true,"href":"https:\/\/mppee.gob.ve\/index.php?rest_route=%2Fwp%2Fv2%2Ftags&post=91228"}],"curies":[{"name":"wp","href":"https:\/\/api.w.org\/{rel}","templated":true}]}}