{"id":91231,"date":"2024-08-30T20:54:00","date_gmt":"2024-08-30T20:54:00","guid":{"rendered":"http:\/\/mppee.gob.ve\/?p=91231"},"modified":"2024-09-02T22:08:29","modified_gmt":"2024-09-02T22:08:29","slug":"ante-ataques-al-sen-maduro-pide-celeridad-en-aplicacion-de-justicia","status":"publish","type":"post","link":"https:\/\/mppee.gob.ve\/?p=91231","title":{"rendered":"Ante ataques al SEN, Maduro pide celeridad en aplicaci\u00f3n de justicia"},"content":{"rendered":"\n<p><strong>San Bernardino, Caracas.-<\/strong> El jefe de Estado, Nicol\u00e1s Maduro, solicit\u00f3 celeridad en la aplicaci\u00f3n de justicia ante los actos de sabotaje al Sistema El\u00e9ctrico Nacional (SEN) que han afectado a todo el territorio nacional desde la madrugada de este viernes.<\/p>\n\n\n\n<p>\u00abVamos venciendo al fascismo, a la venganza y al odio, pero la justicia no se puede demorar, a nombre de todo el pueblo pido justicia para consolidar la paz\u00bb, manifest\u00f3 desde el Puesto de Comando Presidencial de Miraflores.<\/p>\n\n\n\n<p>Durante su alocuci\u00f3n, transmitida en cadena de radio y televisi\u00f3n, el Mandatario nacional extendi\u00f3 sus felicitaciones a la clase trabajadora de la Corporaci\u00f3n El\u00e9ctrica Nacional (Corpoelec) quienes se encuentran desplegados para estabilizar plenamente el servicio el\u00e9ctrico.<\/p>\n\n\n\n<p>Este 30 de agosto la Central Hidroel\u00e9ctrica Sim\u00f3n Bol\u00edvar sufri\u00f3 un ataque con el fin de interrumpir los sistemas de transmisi\u00f3n el\u00e9ctrica en todo el territorio nacional.<\/p>\n\n\n\n<p><strong>Prensa MPPEE &#8211; Corpoelec<\/strong><\/p>\n","protected":false},"excerpt":{"rendered":"<p>San Bernardino, Caracas.- El jefe de Estado, Nicol\u00e1s Maduro, solicit\u00f3 celeridad en la aplicaci\u00f3n de justicia ante los actos de<\/p>\n","protected":false},"author":24,"featured_media":91246,"comment_status":"closed","ping_status":"closed","sticky":false,"template":"","format":"standard","meta":{"footnotes":""},"categories":[1,15,7],"tags":[2711,2714],"class_list":["post-91231","post","type-post","status-publish","format-standard","has-post-thumbnail","hentry","category-mppee","category-nacionales","category-sen","tag-justicia","tag-nicolas-maduro"],"_links":{"self":[{"href":"https:\/\/mppee.gob.ve\/index.php?rest_route=\/wp\/v2\/posts\/91231","targetHints":{"allow":["GET"]}}],"collection":[{"href":"https:\/\/mppee.gob.ve\/index.php?rest_route=\/wp\/v2\/posts"}],"about":[{"href":"https:\/\/mppee.gob.ve\/index.php?rest_route=\/wp\/v2\/types\/post"}],"author":[{"embeddable":true,"href":"https:\/\/mppee.gob.ve\/index.php?rest_route=\/wp\/v2\/users\/24"}],"replies":[{"embeddable":true,"href":"https:\/\/mppee.gob.ve\/index.php?rest_route=%2Fwp%2Fv2%2Fcomments&post=91231"}],"version-history":[{"count":1,"href":"https:\/\/mppee.gob.ve\/index.php?rest_route=\/wp\/v2\/posts\/91231\/revisions"}],"predecessor-version":[{"id":91233,"href":"https:\/\/mppee.gob.ve\/index.php?rest_route=\/wp\/v2\/posts\/91231\/revisions\/91233"}],"wp:featuredmedia":[{"embeddable":true,"href":"https:\/\/mppee.gob.ve\/index.php?rest_route=\/wp\/v2\/media\/91246"}],"wp:attachment":[{"href":"https:\/\/mppee.gob.ve\/index.php?rest_route=%2Fwp%2Fv2%2Fmedia&parent=91231"}],"wp:term":[{"taxonomy":"category","embeddable":true,"href":"https:\/\/mppee.gob.ve\/index.php?rest_route=%2Fwp%2Fv2%2Fcategories&post=91231"},{"taxonomy":"post_tag","embeddable":true,"href":"https:\/\/mppee.gob.ve\/index.php?rest_route=%2Fwp%2Fv2%2Ftags&post=91231"}],"curies":[{"name":"wp","href":"https:\/\/api.w.org\/{rel}","templated":true}]}}