{"id":91262,"date":"2024-09-03T03:20:11","date_gmt":"2024-09-03T03:20:11","guid":{"rendered":"http:\/\/mppee.gob.ve\/?p=91262"},"modified":"2024-09-03T03:20:13","modified_gmt":"2024-09-03T03:20:13","slug":"boicot-de-la-derecha-contra-el-sen-era-la-fachada-para-el-golpe-de-estado","status":"publish","type":"post","link":"https:\/\/mppee.gob.ve\/?p=91262","title":{"rendered":"Boicot de la derecha contra el SEN era la fachada para el golpe de Estado"},"content":{"rendered":"\n<p><strong>Palacio de Miraflores, Caracas.-<\/strong> Durante el programa N\u00b0 55 de \u201cCon Maduro +\u201d, el presidente de la Rep\u00fablica, Nicol\u00e1s Maduro, record\u00f3 las denuncias que hizo en los casi 303 discursos de su campa\u00f1a hacia la elecci\u00f3n presidencial.<\/p>\n\n\n\n<p>Afirm\u00f3 que, \u201cel golpe cibern\u00e9tico fascista criminal\u201d que la derecha pretend\u00eda realizar contra el Sistema El\u00e9ctrico Nacional (SEN), ten\u00eda como objetivo principal suspender el proceso de votaci\u00f3n del 28 de julio con miras a un golpe de Estado.<\/p>\n\n\n\n<p>\u201cLos 303 discursos que yo hice, casi en todos adelant\u00e9 denuncias de lo que era el plan, sobre todo en las \u00faltimas semanas ellos estuvieron buscando un gran apag\u00f3n, un gran da\u00f1o en Guri, que lo evitamos, para pedir la suspensi\u00f3n de las elecciones\u201d, record\u00f3 el Mandatario.<\/p>\n\n\n\n<p>Al respecto, detall\u00f3 que Leopoldo L\u00f3pez en Madrid, conversaba con gente \u201cy tenemos la prueba y dec\u00eda que no iba a haber elecciones en Venezuela, que las elecciones si acaso eran en Diciembre, y que ellos iban a lograr la suspensi\u00f3n de esta elecci\u00f3n con hechos catastr\u00f3ficos\u201d.<\/p>\n\n\n\n<p>Durante la exposici\u00f3n de estos hechos, en una secci\u00f3n especial del espacio televisivo, el embajador permanente ante la Organizaci\u00f3n de las Naciones Unidas (ONU) de Venezuela, Samuel Moncada, dio a conocer m\u00e1s detalles de la trama que buscaba ejecutar el golpe de Estado contra el Gobierno venezolano.<\/p>\n\n\n\n<p>Explic\u00f3 que, el due\u00f1o de la red social X Elon Musk y la opositora Mar\u00eda Machado, ten\u00edan articulado un \u201csistema de transmisi\u00f3n propio\u201d que comenzar\u00eda a funcionar una vez que ejecutaran un apag\u00f3n masivo.<\/p>\n\n\n\n<p>\u201cEl apag\u00f3n era en combinaci\u00f3n con su propio sistema y por eso aparece el se\u00f1or Elon Musk (\u2026) cientos de mensajes en las redes sociales (\u2026) un pacto entre Elon Musk y Mar\u00eda Corina, porque ellos van a salvar a Venezuela\u201d, puntualiz\u00f3 Maduro.<\/p>\n\n\n\n<p><strong>Sectores extremistas quer\u00edan apagar el pa\u00eds<\/strong><br>El Dignatario record\u00f3 que, el 28 y 29 de julio denunci\u00f3 los planes desestabilizadores, con el fin de alertar a la poblaci\u00f3n acerca de un nuevo intento de la derecha por derrocar al gobierno.<\/p>\n\n\n\n<p>\u201cLo denunci\u00e9 el mismo 28 de julio y el 29 de julio quer\u00edan apagar, ellos hubieran podido apagar el pa\u00eds a las 8 de la noche el 28 de julio y sacan a los mil comanditos con delincuentes a quemar y matar que hubiera pasado en Venezuela\u201d, se\u00f1al\u00f3.<\/p>\n\n\n\n<p>Asimismo, denunci\u00f3 que la conspiraci\u00f3n estaba engranada con medios de ultraderecha como Tal Cual, Efecto Cocuyo, el Pitazo, entre otros, para imponer a trav\u00e9s de redes sociales una verdad paralela que reflejara el caos \u201cque supuestamente se viv\u00eda en Venezuela\u201d.<\/p>\n\n\n\n<p>\u201cCada uno de estos portales o medios de redes son portales fundados, financiados o mantenidos por la USAID (U.S. Agency for International Development) por el gobierno de los Estados Unidos (\u2026) para que fueran los portales que impusieran la manipulaci\u00f3n en el momento preciso, sea en un apag\u00f3n masivo, en un ataque masivo como el 29 y 30 de julio. Ellos iban imponiendo su realidad paralela\u201d, asever\u00f3.<\/p>\n\n\n\n<p><strong>Prensa MPPEE-Corpoelec \/ Mar\u00eda Mercedes Noguera<\/strong><\/p>\n","protected":false},"excerpt":{"rendered":"<p>Palacio de Miraflores, Caracas.- Durante el programa N\u00b0 55 de \u201cCon Maduro +\u201d, el presidente de la Rep\u00fablica, Nicol\u00e1s Maduro,<\/p>\n","protected":false},"author":24,"featured_media":91263,"comment_status":"closed","ping_status":"closed","sticky":false,"template":"","format":"standard","meta":{"footnotes":""},"categories":[1,15,7],"tags":[2195,2691,11,2714,46],"class_list":["post-91262","post","type-post","status-publish","format-standard","has-post-thumbnail","hentry","category-mppee","category-nacionales","category-sen","tag-con-maduro","tag-corpoelec","tag-mppee","tag-nicolas-maduro","tag-venezuela"],"_links":{"self":[{"href":"https:\/\/mppee.gob.ve\/index.php?rest_route=\/wp\/v2\/posts\/91262","targetHints":{"allow":["GET"]}}],"collection":[{"href":"https:\/\/mppee.gob.ve\/index.php?rest_route=\/wp\/v2\/posts"}],"about":[{"href":"https:\/\/mppee.gob.ve\/index.php?rest_route=\/wp\/v2\/types\/post"}],"author":[{"embeddable":true,"href":"https:\/\/mppee.gob.ve\/index.php?rest_route=\/wp\/v2\/users\/24"}],"replies":[{"embeddable":true,"href":"https:\/\/mppee.gob.ve\/index.php?rest_route=%2Fwp%2Fv2%2Fcomments&post=91262"}],"version-history":[{"count":1,"href":"https:\/\/mppee.gob.ve\/index.php?rest_route=\/wp\/v2\/posts\/91262\/revisions"}],"predecessor-version":[{"id":91264,"href":"https:\/\/mppee.gob.ve\/index.php?rest_route=\/wp\/v2\/posts\/91262\/revisions\/91264"}],"wp:featuredmedia":[{"embeddable":true,"href":"https:\/\/mppee.gob.ve\/index.php?rest_route=\/wp\/v2\/media\/91263"}],"wp:attachment":[{"href":"https:\/\/mppee.gob.ve\/index.php?rest_route=%2Fwp%2Fv2%2Fmedia&parent=91262"}],"wp:term":[{"taxonomy":"category","embeddable":true,"href":"https:\/\/mppee.gob.ve\/index.php?rest_route=%2Fwp%2Fv2%2Fcategories&post=91262"},{"taxonomy":"post_tag","embeddable":true,"href":"https:\/\/mppee.gob.ve\/index.php?rest_route=%2Fwp%2Fv2%2Ftags&post=91262"}],"curies":[{"name":"wp","href":"https:\/\/api.w.org\/{rel}","templated":true}]}}