{"id":91283,"date":"2024-09-03T19:01:12","date_gmt":"2024-09-03T19:01:12","guid":{"rendered":"http:\/\/mppee.gob.ve\/?p=91283"},"modified":"2024-09-03T19:01:14","modified_gmt":"2024-09-03T19:01:14","slug":"ministro-marquez-reconoce-compromiso-y-profesionalismo-de-la-clase-obrera-de-corpoelec","status":"publish","type":"post","link":"https:\/\/mppee.gob.ve\/?p=91283","title":{"rendered":"Ministro M\u00e1rquez reconoce compromiso y profesionalismo de la clase obrera de Corpoelec"},"content":{"rendered":"\n<p><strong>Estado Bol\u00edvar.-<\/strong>&nbsp;Bajo los principios de compromiso y responsabilidad, la clase trabajadora de la Corporaci\u00f3n El\u00e9ctrica Nacional (Corpoelec) recuper\u00f3, en tiempo r\u00e9cord, el servicio de electricidad, luego de la interrupci\u00f3n del pasado 30 de agosto, producto de un nuevo ataque al Sistema El\u00e9ctrico Nacional (SEN).<\/p>\n\n\n\n<p>Es el coraje de los trabajadores del sector el\u00e9ctrico la premisa que gu\u00eda el encuentro sostenido entre el ministro del Poder Popular para la Energ\u00eda El\u00e9ctrica, Jorge M\u00e1rquez, y la clase obrera que hace vida en la Central Hidroel\u00e9ctrica Sim\u00f3n Bol\u00edvar, ubicada en el Guri.<\/p>\n\n\n\n<p>Hombres y mujeres que unieron sus fuerzas, talento y profesionalismo para ejecutar las maniobras que permitieron que el servicio el\u00e9ctrico llegara a cada hogar del pa\u00eds, luego del ataque perpetrado por sectores extremistas que buscan generar zozobra y caos en la poblaci\u00f3n venezolana.<\/p>\n\n\n\n<p>Son los trabajadores y las trabajadoras quienes d\u00eda a d\u00eda muestran la m\u00e1xima lealtad con el pa\u00eds, adem\u00e1s de la capacidad t\u00e9cnica para resolver cualquier ataque de los sectores que intentan alterar la paz y tranquilidad de los venezolanos.<\/p>\n\n\n\n<p>Ha sido el Gobierno Nacional, de la mano de la clase obrera del SEN, quienes trabajan para robustecer el servicio el\u00e9ctrico \u201cpara que no vuelva a sufrir ataques\u201d, se\u00f1al\u00f3 el presidente de la Rep\u00fablica, Nicol\u00e1s Maduro, en d\u00edas pasados al exaltar las labores y el compromiso para restablecer el servicio en todo el pa\u00eds.<\/p>\n\n\n\n<p><strong>Prensa MPPEE-Corpoelec<\/strong><\/p>\n","protected":false},"excerpt":{"rendered":"<p>Estado Bol\u00edvar.-&nbsp;Bajo los principios de compromiso y responsabilidad, la clase trabajadora de la Corporaci\u00f3n El\u00e9ctrica Nacional (Corpoelec) recuper\u00f3, en tiempo<\/p>\n","protected":false},"author":22,"featured_media":91284,"comment_status":"closed","ping_status":"closed","sticky":false,"template":"","format":"standard","meta":{"footnotes":""},"categories":[1,15,7],"tags":[2723,2691,2721,11,46],"class_list":["post-91283","post","type-post","status-publish","format-standard","has-post-thumbnail","hentry","category-mppee","category-nacionales","category-sen","tag-bolivar","tag-corpoelec","tag-guri","tag-mppee","tag-venezuela"],"_links":{"self":[{"href":"https:\/\/mppee.gob.ve\/index.php?rest_route=\/wp\/v2\/posts\/91283","targetHints":{"allow":["GET"]}}],"collection":[{"href":"https:\/\/mppee.gob.ve\/index.php?rest_route=\/wp\/v2\/posts"}],"about":[{"href":"https:\/\/mppee.gob.ve\/index.php?rest_route=\/wp\/v2\/types\/post"}],"author":[{"embeddable":true,"href":"https:\/\/mppee.gob.ve\/index.php?rest_route=\/wp\/v2\/users\/22"}],"replies":[{"embeddable":true,"href":"https:\/\/mppee.gob.ve\/index.php?rest_route=%2Fwp%2Fv2%2Fcomments&post=91283"}],"version-history":[{"count":1,"href":"https:\/\/mppee.gob.ve\/index.php?rest_route=\/wp\/v2\/posts\/91283\/revisions"}],"predecessor-version":[{"id":91285,"href":"https:\/\/mppee.gob.ve\/index.php?rest_route=\/wp\/v2\/posts\/91283\/revisions\/91285"}],"wp:featuredmedia":[{"embeddable":true,"href":"https:\/\/mppee.gob.ve\/index.php?rest_route=\/wp\/v2\/media\/91284"}],"wp:attachment":[{"href":"https:\/\/mppee.gob.ve\/index.php?rest_route=%2Fwp%2Fv2%2Fmedia&parent=91283"}],"wp:term":[{"taxonomy":"category","embeddable":true,"href":"https:\/\/mppee.gob.ve\/index.php?rest_route=%2Fwp%2Fv2%2Fcategories&post=91283"},{"taxonomy":"post_tag","embeddable":true,"href":"https:\/\/mppee.gob.ve\/index.php?rest_route=%2Fwp%2Fv2%2Ftags&post=91283"}],"curies":[{"name":"wp","href":"https:\/\/api.w.org\/{rel}","templated":true}]}}