{"id":91288,"date":"2024-09-03T20:45:03","date_gmt":"2024-09-03T20:45:03","guid":{"rendered":"http:\/\/mppee.gob.ve\/?p=91288"},"modified":"2024-09-03T20:45:05","modified_gmt":"2024-09-03T20:45:05","slug":"comunidades-de-cojedes-y-portuguesa-son-favorecidas-con-labores-correctivas-del-sistema-electrico","status":"publish","type":"post","link":"https:\/\/mppee.gob.ve\/?p=91288","title":{"rendered":"Comunidades de Cojedes y Portuguesa son favorecidas con labores correctivas del sistema el\u00e9ctrico"},"content":{"rendered":"\n<p><strong>Estado Portuguesa.-<\/strong> Las comunidades de los estados Cojedes y Portuguesa resultaron favorecidas gracias a las labores correctivas realizadas por el personal de la Corporaci\u00f3n El\u00e9ctrica Nacional (Corpoelec) en la l\u00ednea Cojedes &#8211; San Rafael de Onoto 115 kV y la l\u00ednea Yaracuy \u2013 Acarigua II. <\/p>\n\n\n\n<p>Los trabajos contemplaron la sustituci\u00f3n de componentes, adecuaci\u00f3n de partes y ajustes generales, lubricaci\u00f3n de partes m\u00f3viles, revisi\u00f3n de los equipos y ajustes generales. <\/p>\n\n\n\n<p>Los trabajos tributan a la mejora del servicio de m\u00e1s de 900 mil personas que habitan estas tierras llaneras. <\/p>\n\n\n\n<p>En ese sentido, Mar\u00eda S\u00e1nchez, habitante de la comunidad Llano Lindo, felicit\u00f3 al personal de Corpoelec, por la realizaci\u00f3n de los trabajos que contribuyen en mejorar las condiciones de la comunidad. <\/p>\n\n\n\n<p><strong>Prensa MPPEE-Corpoelec<\/strong><\/p>\n","protected":false},"excerpt":{"rendered":"<p>Estado Portuguesa.- Las comunidades de los estados Cojedes y Portuguesa resultaron favorecidas gracias a las labores correctivas realizadas por el<\/p>\n","protected":false},"author":24,"featured_media":91289,"comment_status":"closed","ping_status":"closed","sticky":false,"template":"","format":"standard","meta":{"footnotes":""},"categories":[1,30,7],"tags":[2691,11,46],"class_list":["post-91288","post","type-post","status-publish","format-standard","has-post-thumbnail","hentry","category-mppee","category-regionales","category-sen","tag-corpoelec","tag-mppee","tag-venezuela"],"_links":{"self":[{"href":"https:\/\/mppee.gob.ve\/index.php?rest_route=\/wp\/v2\/posts\/91288","targetHints":{"allow":["GET"]}}],"collection":[{"href":"https:\/\/mppee.gob.ve\/index.php?rest_route=\/wp\/v2\/posts"}],"about":[{"href":"https:\/\/mppee.gob.ve\/index.php?rest_route=\/wp\/v2\/types\/post"}],"author":[{"embeddable":true,"href":"https:\/\/mppee.gob.ve\/index.php?rest_route=\/wp\/v2\/users\/24"}],"replies":[{"embeddable":true,"href":"https:\/\/mppee.gob.ve\/index.php?rest_route=%2Fwp%2Fv2%2Fcomments&post=91288"}],"version-history":[{"count":1,"href":"https:\/\/mppee.gob.ve\/index.php?rest_route=\/wp\/v2\/posts\/91288\/revisions"}],"predecessor-version":[{"id":91290,"href":"https:\/\/mppee.gob.ve\/index.php?rest_route=\/wp\/v2\/posts\/91288\/revisions\/91290"}],"wp:featuredmedia":[{"embeddable":true,"href":"https:\/\/mppee.gob.ve\/index.php?rest_route=\/wp\/v2\/media\/91289"}],"wp:attachment":[{"href":"https:\/\/mppee.gob.ve\/index.php?rest_route=%2Fwp%2Fv2%2Fmedia&parent=91288"}],"wp:term":[{"taxonomy":"category","embeddable":true,"href":"https:\/\/mppee.gob.ve\/index.php?rest_route=%2Fwp%2Fv2%2Fcategories&post=91288"},{"taxonomy":"post_tag","embeddable":true,"href":"https:\/\/mppee.gob.ve\/index.php?rest_route=%2Fwp%2Fv2%2Ftags&post=91288"}],"curies":[{"name":"wp","href":"https:\/\/api.w.org\/{rel}","templated":true}]}}