{"id":91298,"date":"2024-09-04T15:00:00","date_gmt":"2024-09-04T15:00:00","guid":{"rendered":"http:\/\/mppee.gob.ve\/?p=91298"},"modified":"2024-09-04T16:05:33","modified_gmt":"2024-09-04T16:05:33","slug":"trabajar-para-servir-es-la-encomiable-premisa-que-abandera-la-labor-del-electricista","status":"publish","type":"post","link":"https:\/\/mppee.gob.ve\/?p=91298","title":{"rendered":"Trabajar para servir es la encomiable premisa que abandera la labor del electricista"},"content":{"rendered":"\n<p><strong>San Bernardino, Caracas.-<\/strong> La clase trabajadora venezolana ha venido creciendo y prepar\u00e1ndose para asumir los nuevos retos, y dentro de ese equipo perfectamente engranado, hay uno indispensable, el de los electricistas.<\/p>\n\n\n\n<p>Ellos acuden diariamente al llamado con compromiso, atienden con diligencia cada situaci\u00f3n que se les presenta y enfrentan los desaf\u00edos con la mejor disposici\u00f3n.<\/p>\n\n\n\n<p>Para Orlando Merch\u00e1n este es un m\u00e9todo infalible a la hora de poner manos a la obra en su faena. \u00c9l se gradu\u00f3 como electricista de distribuci\u00f3n en la escuela del Centro de Servicios La Yaguara y ahora forma parte del equipo de la Corporaci\u00f3n El\u00e9ctrica Nacional (Corpoelec).<\/p>\n\n\n\n<p>\u201cUna de las cosas m\u00e1s importantes que me llam\u00f3 la atenci\u00f3n del curso de electricista, es la capacidad que uno adquiere para aprender a trabajar con la energ\u00eda, los riesgos y la satisfacci\u00f3n que sientes cuando resuelves los problemas de los dem\u00e1s que cuentan contigo. Yo pienso en las dem\u00e1s personas que necesitan el servicio el\u00e9ctrico cada vez que voy a trabajar en un poste, que uno lo hace con todo el amor y cari\u00f1o\u201d, expres\u00f3 Merch\u00e1n.<\/p>\n\n\n\n<p>Aunque es una profesi\u00f3n que implica riesgos, sus conocimientos en el \u00e1rea le permiten tomar las medidas de seguridad id\u00f3neas para prevenir accidentes.<\/p>\n\n\n\n<p>\u201cAntes de comenzar marcamos la zona, nos colocamos los guantes, verificamos la ausencia de tensi\u00f3n, verificamos el poste antes de subir, muchas precauciones que debemos tomar. Nosotros tenemos un buen equipo de trabajo, todos colaboramos en todo momento\u201d, detall\u00f3.<\/p>\n\n\n\n<p>Por su parte, Luis Pino, profesional en el campo descubri\u00f3 su vocaci\u00f3n a muy temprana edad y decidi\u00f3 seguir ese camino.<\/p>\n\n\n\n<p>\u201cDesde peque\u00f1o me gust\u00f3 desarmar y armar radios, como me llamaba mucho la atenci\u00f3n crec\u00ed con esa curiosidad que despert\u00f3 mis ganas de ser electricista. En mi trabajo debo estar atento para que todo funcione bien, los tomacorrientes, l\u00e1mparas, reguladores, entre otros\u201d.<\/p>\n\n\n\n<p>Su dedicaci\u00f3n lo ha impulsado a continuar esforz\u00e1ndose para alcanzar nuevas metas. Desea seguir su capacitaci\u00f3n en el \u00e1rea y poder ser un ejemplo para los nuevos ingresos.<\/p>\n\n\n\n<p>Manifest\u00f3 que se siente \u201cparte de Corpoelec porque me dieron la oportunidad de seguirme formando como profesional y de apoyar a otros, adem\u00e1s puedo ayudar a mi familia y lo m\u00e1s importante es que colaboro con el crecimiento de mi pa\u00eds. Mi trabajo lo hago con mucho cari\u00f1o, esto se convierte en una pasi\u00f3n, no en un trabajo y me gusta superarme a diario, adquirir nuevos conocimientos y transmitirlos a otros compa\u00f1eros que tienen menos experiencia\u201d.<\/p>\n\n\n\n<p>Con gran voluntad, los profesionales de la electricidad cumplen su tarea de forma impecable y se enorgullecen de sus logros.<\/p>\n\n\n\n<p>Ellos como piezas fundamentales que mueven a una de las empresas m\u00e1s importantes del pa\u00eds, invitan a todos aquellos que tengan vocaci\u00f3n de servir en el \u00e1mbito el\u00e9ctrico a que se sumen para continuar edificando victorias.<\/p>\n\n\n\n<p>\u201cEsta es una profesi\u00f3n muy bonita y si la desarrollas con amor mucho m\u00e1s. Nosotros tenemos una gran responsabilidad que es la de garantizar la energ\u00eda a comunidades enteras, avenidas, espacios p\u00fablicos, peque\u00f1as y medianas industrias. Mi mensaje a las nuevas generaciones es que disfruten esta profesi\u00f3n que es muy bella y que se dediquen a ejercerla con el coraz\u00f3n\u201d, exhort\u00f3 Pino.<br><\/p>\n\n\n\n<p><strong>Prensa MPPEE &#8211; Corpoelec \/ Mar\u00eda Mercedes Noguera<\/strong><\/p>\n","protected":false},"excerpt":{"rendered":"<p>San Bernardino, Caracas.- La clase trabajadora venezolana ha venido creciendo y prepar\u00e1ndose para asumir los nuevos retos, y dentro de<\/p>\n","protected":false},"author":24,"featured_media":91301,"comment_status":"closed","ping_status":"closed","sticky":false,"template":"","format":"standard","meta":{"footnotes":""},"categories":[1,15,7],"tags":[2691,2701],"class_list":["post-91298","post","type-post","status-publish","format-standard","has-post-thumbnail","hentry","category-mppee","category-nacionales","category-sen","tag-corpoelec","tag-trabajadores"],"_links":{"self":[{"href":"https:\/\/mppee.gob.ve\/index.php?rest_route=\/wp\/v2\/posts\/91298","targetHints":{"allow":["GET"]}}],"collection":[{"href":"https:\/\/mppee.gob.ve\/index.php?rest_route=\/wp\/v2\/posts"}],"about":[{"href":"https:\/\/mppee.gob.ve\/index.php?rest_route=\/wp\/v2\/types\/post"}],"author":[{"embeddable":true,"href":"https:\/\/mppee.gob.ve\/index.php?rest_route=\/wp\/v2\/users\/24"}],"replies":[{"embeddable":true,"href":"https:\/\/mppee.gob.ve\/index.php?rest_route=%2Fwp%2Fv2%2Fcomments&post=91298"}],"version-history":[{"count":1,"href":"https:\/\/mppee.gob.ve\/index.php?rest_route=\/wp\/v2\/posts\/91298\/revisions"}],"predecessor-version":[{"id":91300,"href":"https:\/\/mppee.gob.ve\/index.php?rest_route=\/wp\/v2\/posts\/91298\/revisions\/91300"}],"wp:featuredmedia":[{"embeddable":true,"href":"https:\/\/mppee.gob.ve\/index.php?rest_route=\/wp\/v2\/media\/91301"}],"wp:attachment":[{"href":"https:\/\/mppee.gob.ve\/index.php?rest_route=%2Fwp%2Fv2%2Fmedia&parent=91298"}],"wp:term":[{"taxonomy":"category","embeddable":true,"href":"https:\/\/mppee.gob.ve\/index.php?rest_route=%2Fwp%2Fv2%2Fcategories&post=91298"},{"taxonomy":"post_tag","embeddable":true,"href":"https:\/\/mppee.gob.ve\/index.php?rest_route=%2Fwp%2Fv2%2Ftags&post=91298"}],"curies":[{"name":"wp","href":"https:\/\/api.w.org\/{rel}","templated":true}]}}