{"id":91321,"date":"2024-09-06T13:14:21","date_gmt":"2024-09-06T13:14:21","guid":{"rendered":"http:\/\/mppee.gob.ve\/?p=91321"},"modified":"2024-09-06T13:14:23","modified_gmt":"2024-09-06T13:14:23","slug":"jornada-integral-de-atencion-al-usuario-se-desplegara-en-el-estado-miranda","status":"publish","type":"post","link":"https:\/\/mppee.gob.ve\/?p=91321","title":{"rendered":"Jornada Integral de Atenci\u00f3n al Usuario se desplegar\u00e1 en el estado Miranda"},"content":{"rendered":"\n<p><strong>Estado Miranda.- <\/strong>Con el fin de brindar atenci\u00f3n integral a los mirandinos, este s\u00e1bado la Corporaci\u00f3n El\u00e9ctrica Nacional (Corpoelec) se desplegar\u00e1 por los municipios Guaicaipuro, Los Sal\u00edas y Plaza de la entidad.<\/p>\n\n\n\n<p>Actualizaci\u00f3n de datos, notificaci\u00f3n de deuda y pago de factura bajo la modalidad de puntos de venta forman parte de los servicios que se ofrecer\u00e1n en estas jornadas que se extender\u00e1n desde las nueve de la ma\u00f1ana hasta las dos de la tarde.<\/p>\n\n\n\n<p>Los puntos de atenci\u00f3n estar\u00e1n ubicados en:<\/p>\n\n\n\n<p><strong>Municipio Guaicaipuro:<\/strong><\/p>\n\n\n\n<p>\u2022 Centro Comercial Luz El\u00e9ctrica, calle Miquilen, piso 2.<\/p>\n\n\n\n<p>\u2022 Centro Comercial Libador, planta baja casco central de Paracotos.<\/p>\n\n\n\n<p>\u2022 Avenida V\u00edctor Baptista, sector Punta Brava. Parque Residencial La Quinta.<\/p>\n\n\n\n<p>\u2022 Casa de usos m\u00faltiples: Mar\u00eda de San Jos\u00e9 urbanizaci\u00f3n Quenda..<\/p>\n\n\n\n<p><strong>Municipio Los Sal\u00edas:<\/strong><\/p>\n\n\n\n<p>\u2022 Galer\u00edas Las Am\u00e9ricas, piso 1 Carretera Panamericana Kil\u00f3metro 15.<\/p>\n\n\n\n<p><strong>Municipio Plaza:<\/strong><\/p>\n\n\n\n<p>\u2022 Altos de Copacabana, Guarenas.<\/p>\n\n\n\n<p>Para mayor informaci\u00f3n sobre las Jornadas Integrales de Atenci\u00f3n al Usuario, puede visitar la cuenta @corpoelecinfo en la red social Instagram.<\/p>\n\n\n\n<p><strong>Prensa MPPEE-Corpoelec<\/strong><\/p>\n","protected":false},"excerpt":{"rendered":"<p>Estado Miranda.- Con el fin de brindar atenci\u00f3n integral a los mirandinos, este s\u00e1bado la Corporaci\u00f3n El\u00e9ctrica Nacional (Corpoelec) se<\/p>\n","protected":false},"author":24,"featured_media":91185,"comment_status":"closed","ping_status":"closed","sticky":false,"template":"","format":"standard","meta":{"footnotes":""},"categories":[1,30,7],"tags":[2691,2709,11,46],"class_list":["post-91321","post","type-post","status-publish","format-standard","has-post-thumbnail","hentry","category-mppee","category-regionales","category-sen","tag-corpoelec","tag-miranda","tag-mppee","tag-venezuela"],"_links":{"self":[{"href":"https:\/\/mppee.gob.ve\/index.php?rest_route=\/wp\/v2\/posts\/91321","targetHints":{"allow":["GET"]}}],"collection":[{"href":"https:\/\/mppee.gob.ve\/index.php?rest_route=\/wp\/v2\/posts"}],"about":[{"href":"https:\/\/mppee.gob.ve\/index.php?rest_route=\/wp\/v2\/types\/post"}],"author":[{"embeddable":true,"href":"https:\/\/mppee.gob.ve\/index.php?rest_route=\/wp\/v2\/users\/24"}],"replies":[{"embeddable":true,"href":"https:\/\/mppee.gob.ve\/index.php?rest_route=%2Fwp%2Fv2%2Fcomments&post=91321"}],"version-history":[{"count":1,"href":"https:\/\/mppee.gob.ve\/index.php?rest_route=\/wp\/v2\/posts\/91321\/revisions"}],"predecessor-version":[{"id":91322,"href":"https:\/\/mppee.gob.ve\/index.php?rest_route=\/wp\/v2\/posts\/91321\/revisions\/91322"}],"wp:featuredmedia":[{"embeddable":true,"href":"https:\/\/mppee.gob.ve\/index.php?rest_route=\/wp\/v2\/media\/91185"}],"wp:attachment":[{"href":"https:\/\/mppee.gob.ve\/index.php?rest_route=%2Fwp%2Fv2%2Fmedia&parent=91321"}],"wp:term":[{"taxonomy":"category","embeddable":true,"href":"https:\/\/mppee.gob.ve\/index.php?rest_route=%2Fwp%2Fv2%2Fcategories&post=91321"},{"taxonomy":"post_tag","embeddable":true,"href":"https:\/\/mppee.gob.ve\/index.php?rest_route=%2Fwp%2Fv2%2Ftags&post=91321"}],"curies":[{"name":"wp","href":"https:\/\/api.w.org\/{rel}","templated":true}]}}