{"id":91326,"date":"2024-09-06T13:20:32","date_gmt":"2024-09-06T13:20:32","guid":{"rendered":"http:\/\/mppee.gob.ve\/?p=91326"},"modified":"2024-09-06T13:20:35","modified_gmt":"2024-09-06T13:20:35","slug":"corpoelec-despliega-jornadas-de-atencion-al-usuario-en-cojedes","status":"publish","type":"post","link":"https:\/\/mppee.gob.ve\/?p=91326","title":{"rendered":"Corpoelec despliega jornadas de atenci\u00f3n al usuario en Cojedes"},"content":{"rendered":"\n<p><strong>Estado Cojedes.- <\/strong>El pr\u00f3ximo s\u00e1bado 7 de septiembre, la Corporaci\u00f3n El\u00e9ctrica Nacional (Corpoelec) llevar\u00e1 a cabo unas Jornadas Integrales de Atenci\u00f3n al Usuario en el estado Cojedes, con el objetivo de ofrecer a los venezolanos la asesor\u00eda necesaria para realizar tr\u00e1mites relacionados con el servicio el\u00e9ctrico.<\/p>\n\n\n\n<p>Para ello, Corpoelec dispondr\u00e1 de stands a trav\u00e9s de los Centros Integrales de Atenci\u00f3n al Usuario (CIAU), donde se brindar\u00e1 asistencia a los usuarios para la actualizaci\u00f3n de datos, notificaci\u00f3n de deudas, pago de facturas, recepci\u00f3n de reclamos y orientaci\u00f3n sobre pagos mediante Banca en L\u00ednea.<\/p>\n\n\n\n<p>A continuaci\u00f3n, se detalla la ubicaci\u00f3n de los stands que estar\u00e1n disponibles en un horario comprendido desde las 8 de la ma\u00f1ana hasta las 2 de la tarde.<\/p>\n\n\n\n<p>\u2022 Conjunto Residencial Camino Real, parroquia San Carlos de Austria, municipio Ezequiel Zamora.<\/p>\n\n\n\n<p>\u2022 Urbanizaci\u00f3n Tamanaco, parroquia Tinaquillo, municipio Tinaquillo.<\/p>\n\n\n\n<p>\u2022 Complejo Habitacional Manga de Coleo, parroquia Jos\u00e9 Laurencio Silva, municipio Tinaco.<\/p>\n\n\n\n<p>Es relevante destacar que el m\u00e9todo de pago autorizado ser\u00e1 a trav\u00e9s de punto de venta.<\/p>\n\n\n\n<p>Para mayor informaci\u00f3n sobre las Jornadas Integrales de Atenci\u00f3n al Usuario, puede visitar la cuenta @corpoelecinfo en la red social Instagram.<\/p>\n\n\n\n<p><strong>Prensa MPPEE-Corpoelec<\/strong><\/p>\n","protected":false},"excerpt":{"rendered":"<p>Estado Cojedes.- El pr\u00f3ximo s\u00e1bado 7 de septiembre, la Corporaci\u00f3n El\u00e9ctrica Nacional (Corpoelec) llevar\u00e1 a cabo unas Jornadas Integrales de<\/p>\n","protected":false},"author":24,"featured_media":91327,"comment_status":"closed","ping_status":"closed","sticky":false,"template":"","format":"standard","meta":{"footnotes":""},"categories":[1,30,7],"tags":[2710,2691,11,46],"class_list":["post-91326","post","type-post","status-publish","format-standard","has-post-thumbnail","hentry","category-mppee","category-regionales","category-sen","tag-cojedes","tag-corpoelec","tag-mppee","tag-venezuela"],"_links":{"self":[{"href":"https:\/\/mppee.gob.ve\/index.php?rest_route=\/wp\/v2\/posts\/91326","targetHints":{"allow":["GET"]}}],"collection":[{"href":"https:\/\/mppee.gob.ve\/index.php?rest_route=\/wp\/v2\/posts"}],"about":[{"href":"https:\/\/mppee.gob.ve\/index.php?rest_route=\/wp\/v2\/types\/post"}],"author":[{"embeddable":true,"href":"https:\/\/mppee.gob.ve\/index.php?rest_route=\/wp\/v2\/users\/24"}],"replies":[{"embeddable":true,"href":"https:\/\/mppee.gob.ve\/index.php?rest_route=%2Fwp%2Fv2%2Fcomments&post=91326"}],"version-history":[{"count":1,"href":"https:\/\/mppee.gob.ve\/index.php?rest_route=\/wp\/v2\/posts\/91326\/revisions"}],"predecessor-version":[{"id":91328,"href":"https:\/\/mppee.gob.ve\/index.php?rest_route=\/wp\/v2\/posts\/91326\/revisions\/91328"}],"wp:featuredmedia":[{"embeddable":true,"href":"https:\/\/mppee.gob.ve\/index.php?rest_route=\/wp\/v2\/media\/91327"}],"wp:attachment":[{"href":"https:\/\/mppee.gob.ve\/index.php?rest_route=%2Fwp%2Fv2%2Fmedia&parent=91326"}],"wp:term":[{"taxonomy":"category","embeddable":true,"href":"https:\/\/mppee.gob.ve\/index.php?rest_route=%2Fwp%2Fv2%2Fcategories&post=91326"},{"taxonomy":"post_tag","embeddable":true,"href":"https:\/\/mppee.gob.ve\/index.php?rest_route=%2Fwp%2Fv2%2Ftags&post=91326"}],"curies":[{"name":"wp","href":"https:\/\/api.w.org\/{rel}","templated":true}]}}