{"id":91329,"date":"2024-09-06T13:25:43","date_gmt":"2024-09-06T13:25:43","guid":{"rendered":"http:\/\/mppee.gob.ve\/?p=91329"},"modified":"2024-09-06T13:25:45","modified_gmt":"2024-09-06T13:25:45","slug":"corpoelec-brindara-este-sabado-atencion-integral-a-sus-usuarios-en-apure","status":"publish","type":"post","link":"https:\/\/mppee.gob.ve\/?p=91329","title":{"rendered":"Corpoelec brindar\u00e1 este s\u00e1bado atenci\u00f3n integral a sus usuarios en Apure"},"content":{"rendered":"\n<p><strong>Estado Apure.- <\/strong>La Corporaci\u00f3n El\u00e9ctrica Nacional (Corpoelec) llevar\u00e1 a cabo el pr\u00f3ximo s\u00e1bado 7 de septiembre Jornadas Integrales de Atenci\u00f3n al Usuario en el estado Apure, con el objetivo de ofrecer atenci\u00f3n integral a los usuarios<\/p>\n\n\n\n<p>Para ello, dispondr\u00e1 de stands donde los interesados podr\u00e1n, en un horario comprendido desde las 8:00 AM hasta las 12:00 PM., actualizar sus datos, obtener notificaci\u00f3n de deudas y pagar sus de facturas.<\/p>\n\n\n\n<p>\u00bfEn d\u00f3nde?<\/p>\n\n\n\n<p>\u2022 Urbanizaci\u00f3n San Fernando 2000, parroquia Puerto Miranda, municipio Camagu\u00e1n.<\/p>\n\n\n\n<p>\u2022 Urbanizaci\u00f3n Santa In\u00e9s, parroquia San Fernando, municipio San Fernando.<\/p>\n\n\n\n<p>\u2022 Urbanizaci\u00f3n Las Malvinas, parroquia Achaguas, municipio Achaguas.<\/p>\n\n\n\n<p>\u2022 Calle Comercio, parroquia Mantecal, municipio Mu\u00f1oz.<\/p>\n\n\n\n<p>\u2022 Calle Bol\u00edvar, parroquia Elorza, municipio R\u00f3mulo Gallegos.<\/p>\n\n\n\n<p>\u2022 Calle Sucre, parroquia Guasdualito, municipio P\u00e1ez.<\/p>\n\n\n\n<p>\u2022 Sectores La Azulita y Bella Vista, parroquia San Camilo, municipio P\u00e1ez.<\/p>\n\n\n\n<p>Para mayor informaci\u00f3n sobre las Jornadas Integrales de Atenci\u00f3n al Usuario, puede visitar la cuenta @corpoelecinfo en la red social Instagram.<\/p>\n\n\n\n<p><strong>Prensa MPPEE-Corpoelec<\/strong><\/p>\n","protected":false},"excerpt":{"rendered":"<p>Estado Apure.- La Corporaci\u00f3n El\u00e9ctrica Nacional (Corpoelec) llevar\u00e1 a cabo el pr\u00f3ximo s\u00e1bado 7 de septiembre Jornadas Integrales de Atenci\u00f3n<\/p>\n","protected":false},"author":24,"featured_media":91330,"comment_status":"closed","ping_status":"closed","sticky":false,"template":"","format":"standard","meta":{"footnotes":""},"categories":[1,30,7],"tags":[2722,2691,11,46],"class_list":["post-91329","post","type-post","status-publish","format-standard","has-post-thumbnail","hentry","category-mppee","category-regionales","category-sen","tag-apure","tag-corpoelec","tag-mppee","tag-venezuela"],"_links":{"self":[{"href":"https:\/\/mppee.gob.ve\/index.php?rest_route=\/wp\/v2\/posts\/91329","targetHints":{"allow":["GET"]}}],"collection":[{"href":"https:\/\/mppee.gob.ve\/index.php?rest_route=\/wp\/v2\/posts"}],"about":[{"href":"https:\/\/mppee.gob.ve\/index.php?rest_route=\/wp\/v2\/types\/post"}],"author":[{"embeddable":true,"href":"https:\/\/mppee.gob.ve\/index.php?rest_route=\/wp\/v2\/users\/24"}],"replies":[{"embeddable":true,"href":"https:\/\/mppee.gob.ve\/index.php?rest_route=%2Fwp%2Fv2%2Fcomments&post=91329"}],"version-history":[{"count":1,"href":"https:\/\/mppee.gob.ve\/index.php?rest_route=\/wp\/v2\/posts\/91329\/revisions"}],"predecessor-version":[{"id":91331,"href":"https:\/\/mppee.gob.ve\/index.php?rest_route=\/wp\/v2\/posts\/91329\/revisions\/91331"}],"wp:featuredmedia":[{"embeddable":true,"href":"https:\/\/mppee.gob.ve\/index.php?rest_route=\/wp\/v2\/media\/91330"}],"wp:attachment":[{"href":"https:\/\/mppee.gob.ve\/index.php?rest_route=%2Fwp%2Fv2%2Fmedia&parent=91329"}],"wp:term":[{"taxonomy":"category","embeddable":true,"href":"https:\/\/mppee.gob.ve\/index.php?rest_route=%2Fwp%2Fv2%2Fcategories&post=91329"},{"taxonomy":"post_tag","embeddable":true,"href":"https:\/\/mppee.gob.ve\/index.php?rest_route=%2Fwp%2Fv2%2Ftags&post=91329"}],"curies":[{"name":"wp","href":"https:\/\/api.w.org\/{rel}","templated":true}]}}