{"id":91377,"date":"2024-09-11T13:55:16","date_gmt":"2024-09-11T13:55:16","guid":{"rendered":"http:\/\/mppee.gob.ve\/?p=91377"},"modified":"2024-09-11T13:55:19","modified_gmt":"2024-09-11T13:55:19","slug":"corpoelec-activara-jornada-de-atencion-en-comercios-del-estado-sucre","status":"publish","type":"post","link":"https:\/\/mppee.gob.ve\/?p=91377","title":{"rendered":"Corpoelec activar\u00e1 jornada de atenci\u00f3n en comercios del estado Sucre"},"content":{"rendered":"\n<p><strong>Estado Sucre..-<\/strong> Desde este jueves 12\u00a0 hasta el s\u00e1bado 14 de septiembre, Corpoelec activar\u00e1 una jornada de atenci\u00f3n integral en comercios ubicados en seis municipios del estado Sucre.<\/p>\n\n\n\n<p>La jornada brindar\u00e1 asistencia sobre actualizaci\u00f3n de datos, notificaci\u00f3n de deudas y pago de factura a trav\u00e9s de punto de ventas&nbsp; en un horario de 4:00 p.m a 8:00 p.m los d\u00edas jueves a viernes y s\u00e1bado de 8:30 a.m a 03:00 p.m.<\/p>\n\n\n\n<p>Los puntos estar\u00e1n ubicados en:<\/p>\n\n\n\n<ul class=\"wp-block-list\">\n<li>Comercios de la ciudad de Cuman\u00e1, municipio Sucre.<\/li>\n<\/ul>\n\n\n\n<ul class=\"wp-block-list\">\n<li>Comercios de la ciudad de Car\u00fapano, municipio Berm\u00fadez.<\/li>\n<\/ul>\n\n\n\n<ul class=\"wp-block-list\">\n<li>Comercios del Poblado de Cariaco, municipio Ribero.<\/li>\n<\/ul>\n\n\n\n<ul class=\"wp-block-list\">\n<li>Comercios del Poblado de Santa Fe, municipio Sucre.<\/li>\n<\/ul>\n\n\n\n<ul class=\"wp-block-list\">\n<li>Comercios del poblado de Marig\u00fcitar, municipio Bol\u00edvar.<\/li>\n<\/ul>\n\n\n\n<ul class=\"wp-block-list\">\n<li>Comercios de Cumanacoa, municipio Montes.<\/li>\n<\/ul>\n\n\n\n<p>Para mayor informaci\u00f3n sobre las Jornadas Integrales de Atenci\u00f3n al Usuario, puede visitar la cuenta @corpoelecinfo en la red social Instagram.<\/p>\n\n\n\n<p><strong>Prensa MPPEE-Corpoelec<\/strong><\/p>\n\n\n\n<p><\/p>\n","protected":false},"excerpt":{"rendered":"<p>Estado Sucre..- Desde este jueves 12\u00a0 hasta el s\u00e1bado 14 de septiembre, Corpoelec activar\u00e1 una jornada de atenci\u00f3n integral en<\/p>\n","protected":false},"author":22,"featured_media":91330,"comment_status":"closed","ping_status":"closed","sticky":false,"template":"","format":"standard","meta":{"footnotes":""},"categories":[1,30,7],"tags":[2691,11,2693,46],"class_list":["post-91377","post","type-post","status-publish","format-standard","has-post-thumbnail","hentry","category-mppee","category-regionales","category-sen","tag-corpoelec","tag-mppee","tag-sucre","tag-venezuela"],"_links":{"self":[{"href":"https:\/\/mppee.gob.ve\/index.php?rest_route=\/wp\/v2\/posts\/91377","targetHints":{"allow":["GET"]}}],"collection":[{"href":"https:\/\/mppee.gob.ve\/index.php?rest_route=\/wp\/v2\/posts"}],"about":[{"href":"https:\/\/mppee.gob.ve\/index.php?rest_route=\/wp\/v2\/types\/post"}],"author":[{"embeddable":true,"href":"https:\/\/mppee.gob.ve\/index.php?rest_route=\/wp\/v2\/users\/22"}],"replies":[{"embeddable":true,"href":"https:\/\/mppee.gob.ve\/index.php?rest_route=%2Fwp%2Fv2%2Fcomments&post=91377"}],"version-history":[{"count":1,"href":"https:\/\/mppee.gob.ve\/index.php?rest_route=\/wp\/v2\/posts\/91377\/revisions"}],"predecessor-version":[{"id":91378,"href":"https:\/\/mppee.gob.ve\/index.php?rest_route=\/wp\/v2\/posts\/91377\/revisions\/91378"}],"wp:featuredmedia":[{"embeddable":true,"href":"https:\/\/mppee.gob.ve\/index.php?rest_route=\/wp\/v2\/media\/91330"}],"wp:attachment":[{"href":"https:\/\/mppee.gob.ve\/index.php?rest_route=%2Fwp%2Fv2%2Fmedia&parent=91377"}],"wp:term":[{"taxonomy":"category","embeddable":true,"href":"https:\/\/mppee.gob.ve\/index.php?rest_route=%2Fwp%2Fv2%2Fcategories&post=91377"},{"taxonomy":"post_tag","embeddable":true,"href":"https:\/\/mppee.gob.ve\/index.php?rest_route=%2Fwp%2Fv2%2Ftags&post=91377"}],"curies":[{"name":"wp","href":"https:\/\/api.w.org\/{rel}","templated":true}]}}