{"id":91408,"date":"2024-09-12T23:56:25","date_gmt":"2024-09-12T23:56:25","guid":{"rendered":"http:\/\/mppee.gob.ve\/?p=91408"},"modified":"2024-09-12T23:56:27","modified_gmt":"2024-09-12T23:56:27","slug":"avanza-plan-nacional-de-inspecciones-y-mantenimiento-integral-del-sen-en-barinas-y-tachira","status":"publish","type":"post","link":"https:\/\/mppee.gob.ve\/?p=91408","title":{"rendered":"Avanza Plan Nacional de Inspecciones y Mantenimiento Integral del SEN en Barinas y T\u00e1chira"},"content":{"rendered":"\n<div class=\"wp-block-group is-vertical is-layout-flex wp-container-core-group-is-layout-8cf370e7 wp-block-group-is-layout-flex\">\n<p><strong>Estado Barinas.-<\/strong>&nbsp;El ministro del Poder Popular para la Energ\u00eda El\u00e9ctrica, Jorge M\u00e1rquez, realiz\u00f3 inspecciones en las infraestructuras el\u00e9ctricas en los estados Barinas y T\u00e1chira, con el prop\u00f3sito de constatar las instalaciones que integran el Sistema El\u00e9ctrico Nacional (SEN).<\/p>\n\n\n\n<p>En su recorrido por Barinas, M\u00e1rquez inspeccion\u00f3 la Planta El\u00e9ctrica Batalla de Santa In\u00e9s, ubicada en el Complejo Agroindustrial Santa In\u00e9s, en la parroquia Torunos, en su recorrido por la instalaci\u00f3n supervis\u00f3 la operatividad de las \u00e1reas, as\u00ed como tambi\u00e9n convers\u00f3 con los trabajadores, para profundizar en las estrategias de trabajo que apunten a fortalecer el servicio.<\/p>\n\n\n\n<p>Asimismo, recorri\u00f3 la Planta de Generaci\u00f3n El\u00e9ctrica Termobarrancas, localizada en el municipio Obispos, al norte de la entidad llanera.<\/p>\n\n\n\n<p>Por otra parte, el tambi\u00e9n Vicepresidente Sectorial de Obras P\u00fablicas y Servicios, visit\u00f3 la Planta Termoel\u00e9ctrica T\u00e1chira, ubicada en La Fr\u00eda, en aras de verificar la estabilidad del servicio el\u00e9ctrico en el estado andino.<\/p>\n\n\n\n<p>Estas supervisiones forman parte del Plan Nacional de Inspecciones y Mantenimiento Integral del SEN, que apuntan a mejorar progresivamente los procesos de generaci\u00f3n, transmisi\u00f3n y distribuci\u00f3n de la energ\u00eda el\u00e9ctrica a favor del pueblo venezolano.<\/p>\n\n\n\n<p><strong>Prensa MPPEE-Corpoelec<\/strong><\/p>\n<\/div>\n","protected":false},"excerpt":{"rendered":"<p>Estado Barinas.-&nbsp;El ministro del Poder Popular para la Energ\u00eda El\u00e9ctrica, Jorge M\u00e1rquez, realiz\u00f3 inspecciones en las infraestructuras el\u00e9ctricas en los<\/p>\n","protected":false},"author":24,"featured_media":91409,"comment_status":"closed","ping_status":"closed","sticky":false,"template":"","format":"standard","meta":{"footnotes":""},"categories":[1,15,7],"tags":[2698,2691,11,2700,46],"class_list":["post-91408","post","type-post","status-publish","format-standard","has-post-thumbnail","hentry","category-mppee","category-nacionales","category-sen","tag-barinas","tag-corpoelec","tag-mppee","tag-tachira","tag-venezuela"],"_links":{"self":[{"href":"https:\/\/mppee.gob.ve\/index.php?rest_route=\/wp\/v2\/posts\/91408","targetHints":{"allow":["GET"]}}],"collection":[{"href":"https:\/\/mppee.gob.ve\/index.php?rest_route=\/wp\/v2\/posts"}],"about":[{"href":"https:\/\/mppee.gob.ve\/index.php?rest_route=\/wp\/v2\/types\/post"}],"author":[{"embeddable":true,"href":"https:\/\/mppee.gob.ve\/index.php?rest_route=\/wp\/v2\/users\/24"}],"replies":[{"embeddable":true,"href":"https:\/\/mppee.gob.ve\/index.php?rest_route=%2Fwp%2Fv2%2Fcomments&post=91408"}],"version-history":[{"count":1,"href":"https:\/\/mppee.gob.ve\/index.php?rest_route=\/wp\/v2\/posts\/91408\/revisions"}],"predecessor-version":[{"id":91410,"href":"https:\/\/mppee.gob.ve\/index.php?rest_route=\/wp\/v2\/posts\/91408\/revisions\/91410"}],"wp:featuredmedia":[{"embeddable":true,"href":"https:\/\/mppee.gob.ve\/index.php?rest_route=\/wp\/v2\/media\/91409"}],"wp:attachment":[{"href":"https:\/\/mppee.gob.ve\/index.php?rest_route=%2Fwp%2Fv2%2Fmedia&parent=91408"}],"wp:term":[{"taxonomy":"category","embeddable":true,"href":"https:\/\/mppee.gob.ve\/index.php?rest_route=%2Fwp%2Fv2%2Fcategories&post=91408"},{"taxonomy":"post_tag","embeddable":true,"href":"https:\/\/mppee.gob.ve\/index.php?rest_route=%2Fwp%2Fv2%2Ftags&post=91408"}],"curies":[{"name":"wp","href":"https:\/\/api.w.org\/{rel}","templated":true}]}}