{"id":91443,"date":"2024-09-15T01:43:51","date_gmt":"2024-09-15T01:43:51","guid":{"rendered":"http:\/\/mppee.gob.ve\/?p=91443"},"modified":"2024-09-15T02:36:36","modified_gmt":"2024-09-15T02:36:36","slug":"grupos-terroristas-financiados-por-ee-uu-y-espana-buscaban-atacar-los-servicios-publicos","status":"publish","type":"post","link":"https:\/\/mppee.gob.ve\/?p=91443","title":{"rendered":"Grupos terroristas financiados por EE.UU. y Espa\u00f1a buscaban atacar los servicios p\u00fablicos"},"content":{"rendered":"\n<p>Durante una entrevista especial concedida al canal Telesur, Diosdado Cabello, ministro del Poder Popular para Interior, Justicia y Paz, denunci\u00f3 que grupos terroristas financiados desde Estados Unidos y Espa\u00f1a buscaban atacar y sabotear los servicios de electricidad, agua y transporte.<\/p>\n\n\n\n<p>\u201cEra la misi\u00f3n de ellos (\u2026) muy parecido al Plan Gede\u00f3n, atacar el Aeropuerto Internacional de Maiquet\u00eda, el Palacio de Miraflores, a personalidades, ataques a sistemas de transporte, agua y luz para llevar a la poblaci\u00f3n al extremo\u201d, alert\u00f3 Cabello al ofrecer detalles del decomiso de armas, as\u00ed como los v\u00ednculos con delincuentes en las c\u00e1rceles del pa\u00eds para la compra de explosivos C4.<\/p>\n\n\n\n<p>El tambi\u00e9n vicepresidente sectorial de Pol\u00edtica, Seguridad Ciudadana y Paz,&nbsp;destac\u00f3 que los ataques inclu\u00edan las sedes de los Poderes P\u00fablicos y un \u201cataque mayor\u201d contra la paz y la estabilidad del pa\u00eds.<\/p>\n\n\n\n<p>Explic\u00f3 que la Oficina Central de Inteligencia de Estados Unidos (CIA) y el Centro Nacional de Inteligencia de Espa\u00f1a est\u00e1n al frente de la operaci\u00f3n terrorista que pretend\u00eda ejecutar acciones violentas en el pa\u00eds.<\/p>\n\n\n\n<p>Cabello indic\u00f3 que, estos organismos internacionales estaban coordinados y trabajaban de la mano con miembros de la oposici\u00f3n extrema, \u201cy a trav\u00e9s de ellos se hac\u00edan cargo de los contactos para el tr\u00e1fico de armas y contrataci\u00f3n de delincuentes\u201d.<\/p>\n\n\n\n<p>La tarde de este s\u00e1bado, Cabello confirm\u00f3 la detenci\u00f3n de un militar activo de EE.UU. identificado como Wilbert Joseph Casta\u00f1eda, quien estaba al frente de un plan terrorista, el cual fue develado por las autoridades venezolanas.<\/p>\n\n\n\n<p>Pormenoriz\u00f3 que este militar \u201cera un operador especial de aire, mar y tierra de la Fuerza Armada de EE.UU., quien posee una basta experiencia en sabotaje, experto en armas mixtas y fusiles\u201d.<\/p>\n\n\n\n<p>En rueda de prensa, Cabello se\u00f1al\u00f3 que este plan buscaba sembrar violencia y caos en el pa\u00eds, as\u00ed como tambi\u00e9n sabotear los servicios, para alterar la tranquilidad y paz del pueblo venezolano.<\/p>\n\n\n\n<p>En este orden de ideas, indic\u00f3 que fueron decomisados m\u00e1s de 400 fusiles y pistolas provenientes de EE.UU. los cuales pretend\u00edan ser usados en acciones violentas y terroristas contra el pueblo venezolano.<\/p>\n\n\n\n<p>Finalmente, subray\u00f3 que las autoridades de seguridad del Estado est\u00e1n al frente de las investigaciones, las cuales se encuentran en desarrollo, para determinar con los responsables de la planificaci\u00f3n de esta operaci\u00f3n terrorista.<\/p>\n\n\n\n<p><strong>Prensa MPPEE-Corpoelec<\/strong><\/p>\n","protected":false},"excerpt":{"rendered":"<p>Durante una entrevista especial concedida al canal Telesur, Diosdado Cabello, ministro del Poder Popular para Interior, Justicia y Paz, denunci\u00f3<\/p>\n","protected":false},"author":24,"featured_media":91445,"comment_status":"closed","ping_status":"closed","sticky":false,"template":"","format":"standard","meta":{"footnotes":""},"categories":[1,15,7],"tags":[2691,11,46],"class_list":["post-91443","post","type-post","status-publish","format-standard","has-post-thumbnail","hentry","category-mppee","category-nacionales","category-sen","tag-corpoelec","tag-mppee","tag-venezuela"],"_links":{"self":[{"href":"https:\/\/mppee.gob.ve\/index.php?rest_route=\/wp\/v2\/posts\/91443","targetHints":{"allow":["GET"]}}],"collection":[{"href":"https:\/\/mppee.gob.ve\/index.php?rest_route=\/wp\/v2\/posts"}],"about":[{"href":"https:\/\/mppee.gob.ve\/index.php?rest_route=\/wp\/v2\/types\/post"}],"author":[{"embeddable":true,"href":"https:\/\/mppee.gob.ve\/index.php?rest_route=\/wp\/v2\/users\/24"}],"replies":[{"embeddable":true,"href":"https:\/\/mppee.gob.ve\/index.php?rest_route=%2Fwp%2Fv2%2Fcomments&post=91443"}],"version-history":[{"count":2,"href":"https:\/\/mppee.gob.ve\/index.php?rest_route=\/wp\/v2\/posts\/91443\/revisions"}],"predecessor-version":[{"id":91447,"href":"https:\/\/mppee.gob.ve\/index.php?rest_route=\/wp\/v2\/posts\/91443\/revisions\/91447"}],"wp:featuredmedia":[{"embeddable":true,"href":"https:\/\/mppee.gob.ve\/index.php?rest_route=\/wp\/v2\/media\/91445"}],"wp:attachment":[{"href":"https:\/\/mppee.gob.ve\/index.php?rest_route=%2Fwp%2Fv2%2Fmedia&parent=91443"}],"wp:term":[{"taxonomy":"category","embeddable":true,"href":"https:\/\/mppee.gob.ve\/index.php?rest_route=%2Fwp%2Fv2%2Fcategories&post=91443"},{"taxonomy":"post_tag","embeddable":true,"href":"https:\/\/mppee.gob.ve\/index.php?rest_route=%2Fwp%2Fv2%2Ftags&post=91443"}],"curies":[{"name":"wp","href":"https:\/\/api.w.org\/{rel}","templated":true}]}}