{"id":91469,"date":"2024-09-17T18:22:05","date_gmt":"2024-09-17T18:22:05","guid":{"rendered":"http:\/\/mppee.gob.ve\/?p=91469"},"modified":"2024-09-17T18:22:06","modified_gmt":"2024-09-17T18:22:06","slug":"atencion-integral-brindara-corpoelec-a-usuarios-de-tachira","status":"publish","type":"post","link":"https:\/\/mppee.gob.ve\/?p=91469","title":{"rendered":"Atenci\u00f3n integral brindar\u00e1 Corpoelec a usuarios de T\u00e1chira"},"content":{"rendered":"\n<p><strong>Estado T\u00e1chira.-<\/strong> En aras de ofrecer la asesor\u00eda en tr\u00e1mites relacionados con el servicio el\u00e9ctrico, desde este martes 17 hasta el s\u00e1bado 21 de septiembre, la Corporaci\u00f3n El\u00e9ctrica Nacional (Corpoelec) despliega operativos a trav\u00e9s de stands de los Centros Integrales Atenci\u00f3n al Usuario (CIAU) del estado T\u00e1chira.<\/p>\n\n\n\n<p>Durante la jornada, los usuarios contar\u00e1n con atenci\u00f3n integral personalizada para actualizar datos en el sistema, recibir notificaciones de deuda y realizar el pago de sus facturas.<\/p>\n\n\n\n<p>El despliegue se efectuar\u00e1 en los siguientes municipios de la entidad andina, en un horario comprendido desde las 8:00 de la ma\u00f1ana hasta las 04:00 de la tarde.<\/p>\n\n\n\n<p><strong>Martes 17:<\/strong><\/p>\n\n\n\n<p>&#8211; Garc\u00eda de Hevia: Calle 06. CIAU La Fr\u00eda.<\/p>\n\n\n\n<p>&#8211; Uribante: Calle 0 a la 12.<\/p>\n\n\n\n<p>&#8211; Pedro Mar\u00eda Ure\u00f1a: Centro Carrera 04.<\/p>\n\n\n\n<p>&#8211; Libertador: Casco Central La Pedrera.<\/p>\n\n\n\n<p>&#8211; Ayacucho: Urbanizaci\u00f3n Coviaguar, aldea Paraguay.<\/p>\n\n\n\n<p>&#8211; San Crist\u00f3bal: Las Lomas Av. Libertador.<\/p>\n\n\n\n<p>&#8211; Panamericano: Coloncito- Ruta 1-3 Casco Central.<\/p>\n\n\n\n<p>&#8211; Pedro Mar\u00eda: Carrera 5, 12 y 13, La Concordia.<\/p>\n\n\n\n<p>&#8211; Andr\u00e9s Eloy Blanco: Casco Central.<\/p>\n\n\n\n<p>&#8211; Rafael Urdaneta: Pueblo. CIAU Las Delicias.<\/p>\n\n\n\n<p><strong>Mi\u00e9rcoles 18:<\/strong><\/p>\n\n\n\n<p>&#8211; Bol\u00edvar: Casco Central.<\/p>\n\n\n\n<p>&#8211; Pedro Mar\u00eda Ure\u00f1a: La Guajira y Las Flores Carrera 07.<\/p>\n\n\n\n<p>&#8211; Uribante: Carrera 03 y 04.<\/p>\n\n\n\n<p>&#8211; Fern\u00e1ndez Feo: Calles 1 y 2 El Pi\u00f1al.<\/p>\n\n\n\n<p>&#8211; Francisco de Miranda: Sector El Top\u00f3n San Jos\u00e9 de Bol\u00edvar.<\/p>\n\n\n\n<p>&#8211; Ayacucho: Las Flores.<\/p>\n\n\n\n<p>&#8211; San Crist\u00f3bal: Riveras del Torbes.<\/p>\n\n\n\n<p>&#8211; Panamericano: Coloncito Ruta 1-3, Casco Central.<\/p>\n\n\n\n<p>&#8211; Pedro Mar\u00eda: Carrera 11, 15 y 16, La Concordia.<\/p>\n\n\n\n<p>&#8211; Rafael Urdaneta: La Pe\u00f1a- Toronjal, parte Alta.<\/p>\n\n\n\n<p>&#8211; Jun\u00edn: Casco Central.<\/p>\n\n\n\n<p>&#8211; Guasimos: La Puente &#8211; Boca Caneyes<\/p>\n\n\n\n<p><strong>Jueves 19:<\/strong><\/p>\n\n\n\n<p>&#8211; Garc\u00eda de Hevia: Urbanizaci\u00f3n Francisco de Miranda y Calle 3.<\/p>\n\n\n\n<p>&#8211; Garc\u00eda de Hevia: Calle 04 y 05.<\/p>\n\n\n\n<p>&#8211; C\u00f3rdoba: Casco Central.<\/p>\n\n\n\n<p>&#8211; Uribante: Calle 0 a la 12.<\/p>\n\n\n\n<p>&#8211; Pedro Mar\u00eda Ure\u00f1a: El Cementerio, Bonillas, Las Flores &#8211; Calle 08.<\/p>\n\n\n\n<p>&#8211; Jauregui: Calle 2 y 3 La Grita.<\/p>\n\n\n\n<p>&#8211; Francisco de Miranda: Mesa de San Antonio.<\/p>\n\n\n\n<p>&#8211; Padre Noguera: Casco Central de Guayanito.<\/p>\n\n\n\n<p>&#8211; Ayacucho: Las Flores.<\/p>\n\n\n\n<p>&#8211; San Crist\u00f3bal: Los Kioskos.<\/p>\n\n\n\n<p>&#8211; Panamericano: Coloncito \u2013 19 de abril.<\/p>\n\n\n\n<p>&#8211; Capacho Nuevo: Casco Central<\/p>\n\n\n\n<p>&#8211; La Concordia: Cumbre Andinas- Pasaje 5ta Avenida<\/p>\n\n\n\n<p>&#8211; Rafael Urdaneta: Aldea El Reposo<\/p>\n\n\n\n<p>&#8211; Jun\u00edn: San Diego<\/p>\n\n\n\n<p>&#8211; Guasimos \u2013 C\u00e1rdenas: Caneyes- Tucape<\/p>\n\n\n\n<p><strong>Viernes 20:<\/strong><\/p>\n\n\n\n<p>&#8211; C\u00f3rdoba: Casco Central<\/p>\n\n\n\n<p>&#8211; Bol\u00edvar:&nbsp; Casco Central<\/p>\n\n\n\n<p>&#8211; Uribante: Carrera 3 y 4<\/p>\n\n\n\n<p>&#8211; Fern\u00e1ndez Feo: Calle 3 El Pi\u00f1al<\/p>\n\n\n\n<p>&#8211; Michelena: Casco Central<\/p>\n\n\n\n<p>&#8211; San Crist\u00f3bal: Colon<\/p>\n\n\n\n<p>&#8211; Panamericano: Coloncito 19 de abril<\/p>\n\n\n\n<p>&#8211; La Concordia: Centro Comercial El Pinar \u2013 Calle 5 &#8211; Los Colorados<\/p>\n\n\n\n<p>&#8211; Rafael Urdaneta: Aldea Lej\u00eda &#8211; Lajas<\/p>\n\n\n\n<p>&#8211; Jun\u00edn: La Victoria<\/p>\n\n\n\n<p>&#8211; C\u00e1rdenas: Palo Gordo&nbsp;<\/p>\n\n\n\n<p><strong>S\u00e1bado 21:<\/strong><\/p>\n\n\n\n<p>&#8211; C\u00f3rdoba: Casco Central.<\/p>\n\n\n\n<p>&#8211; Bol\u00edvar:&nbsp; Casco Central.<\/p>\n\n\n\n<p>&#8211; Uribante: Calle 0 a la 12.<\/p>\n\n\n\n<p>&#8211; Jauregui: Calle 2 y 3 La Grita.<\/p>\n\n\n\n<p>&#8211; San Crist\u00f3bal: Colon \u2013 Calle Principal.<\/p>\n\n\n\n<p>&#8211; Capacho Nuevo: Agua Blanca &#8211; La Aguada.<\/p>\n\n\n\n<p>&#8211; Pedro Mar\u00eda: Las Acacias- Calle Los Colorados.<\/p>\n\n\n\n<p>&#8211; Rafael Urdaneta: Aldea Villa P\u00e1ez Betania.<\/p>\n\n\n\n<p>&#8211; Jun\u00edn: Casco Central.<\/p>\n\n\n\n<p>&#8211; Andr\u00e9s Bello: Cordero.<\/p>\n\n\n\n<p>Es importante destacar que el \u00fanico m\u00e9todo de pago autorizado ser\u00e1 punto de venta.<\/p>\n\n\n\n<p>Para mayor informaci\u00f3n sobre las Jornadas Integrales de Atenci\u00f3n al Usuario, puede visitar la cuenta @corpoelecinfo en la red social Instagram.<\/p>\n\n\n\n<p><strong>Prensa MPPEE-Corpoelec<\/strong><\/p>\n","protected":false},"excerpt":{"rendered":"<p>Estado T\u00e1chira.- En aras de ofrecer la asesor\u00eda en tr\u00e1mites relacionados con el servicio el\u00e9ctrico, desde este martes 17 hasta<\/p>\n","protected":false},"author":22,"featured_media":91327,"comment_status":"closed","ping_status":"closed","sticky":false,"template":"","format":"standard","meta":{"footnotes":""},"categories":[1,30,7],"tags":[2691,11,2700,46],"class_list":["post-91469","post","type-post","status-publish","format-standard","has-post-thumbnail","hentry","category-mppee","category-regionales","category-sen","tag-corpoelec","tag-mppee","tag-tachira","tag-venezuela"],"_links":{"self":[{"href":"https:\/\/mppee.gob.ve\/index.php?rest_route=\/wp\/v2\/posts\/91469","targetHints":{"allow":["GET"]}}],"collection":[{"href":"https:\/\/mppee.gob.ve\/index.php?rest_route=\/wp\/v2\/posts"}],"about":[{"href":"https:\/\/mppee.gob.ve\/index.php?rest_route=\/wp\/v2\/types\/post"}],"author":[{"embeddable":true,"href":"https:\/\/mppee.gob.ve\/index.php?rest_route=\/wp\/v2\/users\/22"}],"replies":[{"embeddable":true,"href":"https:\/\/mppee.gob.ve\/index.php?rest_route=%2Fwp%2Fv2%2Fcomments&post=91469"}],"version-history":[{"count":3,"href":"https:\/\/mppee.gob.ve\/index.php?rest_route=\/wp\/v2\/posts\/91469\/revisions"}],"predecessor-version":[{"id":91484,"href":"https:\/\/mppee.gob.ve\/index.php?rest_route=\/wp\/v2\/posts\/91469\/revisions\/91484"}],"wp:featuredmedia":[{"embeddable":true,"href":"https:\/\/mppee.gob.ve\/index.php?rest_route=\/wp\/v2\/media\/91327"}],"wp:attachment":[{"href":"https:\/\/mppee.gob.ve\/index.php?rest_route=%2Fwp%2Fv2%2Fmedia&parent=91469"}],"wp:term":[{"taxonomy":"category","embeddable":true,"href":"https:\/\/mppee.gob.ve\/index.php?rest_route=%2Fwp%2Fv2%2Fcategories&post=91469"},{"taxonomy":"post_tag","embeddable":true,"href":"https:\/\/mppee.gob.ve\/index.php?rest_route=%2Fwp%2Fv2%2Ftags&post=91469"}],"curies":[{"name":"wp","href":"https:\/\/api.w.org\/{rel}","templated":true}]}}