{"id":91496,"date":"2024-09-18T21:31:50","date_gmt":"2024-09-18T21:31:50","guid":{"rendered":"http:\/\/mppee.gob.ve\/?p=91496"},"modified":"2024-09-18T21:31:52","modified_gmt":"2024-09-18T21:31:52","slug":"fitelven-2024-apunta-al-crecimiento-del-sector-telecomunicaciones-de-venezuela","status":"publish","type":"post","link":"https:\/\/mppee.gob.ve\/?p=91496","title":{"rendered":"Fitelven 2024 apunta al crecimiento del sector telecomunicaciones de Venezuela"},"content":{"rendered":"\n<p><strong>Poliedro de Caracas, La Rinconada.-<\/strong> Consolidar el crecimiento que viene registrando el sector de las telecomunicaciones de Venezuela, es la apuesta de la II edici\u00f3n de la Feria Internacional de Telecomunicaciones de Venezuela (Fitelven) 2024.<\/p>\n\n\n\n<p>En el inicio de este evento de las telecomunicaciones venezolanas, el presidente de la Rep\u00fablica, Nicol\u00e1s Maduro, envi\u00f3 un mensaje a empresarios, operadores y prestadores de servicio, a trav\u00e9s del vicepresidente Sectorial de Obras P\u00fablicas y Servicios y director general de la Comisi\u00f3n Nacional de Telecomunicaciones de Venezuela (Conatel), Jorge M\u00e1rquez, para todos los part\u00edcipes de este sector.<\/p>\n\n\n\n<p>M\u00e1rquez coment\u00f3 que, en conversaciones previas, el Jefe de Estado le encomend\u00f3 reafirmarle que, as\u00ed como han contado con el respaldo absoluto durante los a\u00f1os anteriores, en este nuevo per\u00edodo \u201cvamos a hacer que este sector est\u00e9 en el top del mundo y vamos a seguir creciendo y, sobre todo, consolidando el sector\u201d.<\/p>\n\n\n\n<p>Asimismo, record\u00f3 que el crecimiento actual de las telecomunicaciones, llevan consigo a\u00f1os duros de trabajo y lucha contra las medidas coercitivas unilaterales que han impuesto contra Venezuela.<\/p>\n\n\n\n<p>M\u00e1rquez puntualiz\u00f3 que las dificultades no solo han afectado al sector p\u00fablico, sino tambi\u00e9n al privado \u201cque ha sufrido las inclemencias de estas sanciones en todos los aspectos y el sector telecomunicaciones no ha escapado de esto\u201d.<\/p>\n\n\n\n<p>En ese contexto, asever\u00f3 que, con esta nueva edici\u00f3n de la Fitelven, se vislumbra el \u00e9xito a trav\u00e9s de la consolidaci\u00f3n de estrategias y alianzas entre empresas, a cuyos representantes reiter\u00f3 el total respaldo del Gobierno Bolivariano.<\/p>\n\n\n\n<p>\u201cEl s\u00e1bado veremos los resultados y estos resultados ser\u00e1n los mejores para cada una de sus empresas, porque cuando ustedes crecen, nuestro pa\u00eds crece y si hay un sector que ha crecido en este pa\u00eds en los \u00faltimos a\u00f1os es el sector que ustedes llevan adelante\u201d, reiter\u00f3.<\/p>\n\n\n\n<p>El vicepresidente de Obras P\u00fablicas y Servicios describi\u00f3 la Fitelven como \u201cuna expo de primer mundo\u201d, por lo cual invit\u00f3 a todos los venezolanos y venezolanas a participar en familia, en equipos de trabajo y como empresarios.<\/p>\n\n\n\n<p>En un ambiente de alegr\u00eda y altas expectativas para concretar alianzas y negocios, M\u00e1rquez llam\u00f3 a mantener el compromiso y la certeza de que Venezuela es un pa\u00eds que avanza en las telecomunicaciones.<\/p>\n\n\n\n<p><strong>Prensa MPPEE-Corpoelec \/ Rosiris Ortega<\/strong><\/p>\n\n\n\n<p><\/p>\n","protected":false},"excerpt":{"rendered":"<p>Poliedro de Caracas, La Rinconada.- Consolidar el crecimiento que viene registrando el sector de las telecomunicaciones de Venezuela, es la<\/p>\n","protected":false},"author":24,"featured_media":91498,"comment_status":"closed","ping_status":"closed","sticky":false,"template":"","format":"standard","meta":{"footnotes":""},"categories":[1,15],"tags":[111,2736,46],"class_list":["post-91496","post","type-post","status-publish","format-standard","has-post-thumbnail","hentry","category-mppee","category-nacionales","tag-caracas","tag-telecomunicaciones","tag-venezuela"],"_links":{"self":[{"href":"https:\/\/mppee.gob.ve\/index.php?rest_route=\/wp\/v2\/posts\/91496","targetHints":{"allow":["GET"]}}],"collection":[{"href":"https:\/\/mppee.gob.ve\/index.php?rest_route=\/wp\/v2\/posts"}],"about":[{"href":"https:\/\/mppee.gob.ve\/index.php?rest_route=\/wp\/v2\/types\/post"}],"author":[{"embeddable":true,"href":"https:\/\/mppee.gob.ve\/index.php?rest_route=\/wp\/v2\/users\/24"}],"replies":[{"embeddable":true,"href":"https:\/\/mppee.gob.ve\/index.php?rest_route=%2Fwp%2Fv2%2Fcomments&post=91496"}],"version-history":[{"count":1,"href":"https:\/\/mppee.gob.ve\/index.php?rest_route=\/wp\/v2\/posts\/91496\/revisions"}],"predecessor-version":[{"id":91499,"href":"https:\/\/mppee.gob.ve\/index.php?rest_route=\/wp\/v2\/posts\/91496\/revisions\/91499"}],"wp:featuredmedia":[{"embeddable":true,"href":"https:\/\/mppee.gob.ve\/index.php?rest_route=\/wp\/v2\/media\/91498"}],"wp:attachment":[{"href":"https:\/\/mppee.gob.ve\/index.php?rest_route=%2Fwp%2Fv2%2Fmedia&parent=91496"}],"wp:term":[{"taxonomy":"category","embeddable":true,"href":"https:\/\/mppee.gob.ve\/index.php?rest_route=%2Fwp%2Fv2%2Fcategories&post=91496"},{"taxonomy":"post_tag","embeddable":true,"href":"https:\/\/mppee.gob.ve\/index.php?rest_route=%2Fwp%2Fv2%2Ftags&post=91496"}],"curies":[{"name":"wp","href":"https:\/\/api.w.org\/{rel}","templated":true}]}}