{"id":91503,"date":"2024-09-18T21:57:56","date_gmt":"2024-09-18T21:57:56","guid":{"rendered":"http:\/\/mppee.gob.ve\/?p=91503"},"modified":"2024-09-18T23:24:16","modified_gmt":"2024-09-18T23:24:16","slug":"venezuela-a-la-vanguardia-de-las-telecomunicaciones-conectara-con-la-red-5g","status":"publish","type":"post","link":"https:\/\/mppee.gob.ve\/?p=91503","title":{"rendered":"Venezuela a la vanguardia de las telecomunicaciones conectar\u00e1 con la red 5G"},"content":{"rendered":"\n<p><strong>Poliedro de Caracas, La Rinconada.-<\/strong> Venezuela incursionar\u00e1 en la red 5G para consolidar el sector de las telecomunicaciones, anunci\u00f3 el vicepresidente sectorial de Obras P\u00fablicas y Servicios, Jorge M\u00e1rquez, desde la II Feria Internacional de Telecomunicaciones (Fitelven) 2024.<\/p>\n\n\n\n<p>\u201cYa estoy enviando un punto de cuenta a nuestro presidente Nicol\u00e1s Maduro, sobre la oferta p\u00fablica de la frecuencia para 5G, este pa\u00eds ya se mont\u00f3 en la ola de 5G y nos lo merecemos queridos compa\u00f1eros\u201d, precis\u00f3 el tambi\u00e9n director de la Comisi\u00f3n Nacional de Telecomunicaciones de Venezuela (Conatel) desde el Poliedro de Caracas, ubicado en La Rinconada.<\/p>\n\n\n\n<p>Detall\u00f3 que hay empresas que est\u00e1n realizando pruebas de quinta generaci\u00f3n de tecnolog\u00eda celular inal\u00e1mbrica como Movilnet \u201ccon un prototipo ya -instado en el centro de Caracas\u201d.<\/p>\n\n\n\n<p>\u201cYa tenemos un plan piloto en el centro de Caracas. V\u00e9ngase Digitel, v\u00e9ngase Movistar, v\u00e9nganse las dem\u00e1s, lleg\u00f3 la era 5G al pa\u00eds. PatriaCell, venga tambi\u00e9n y todas las empresas que quieran venirse. Vamos al 5G, el pa\u00eds se lo merece\u201d, recalc\u00f3.<\/p>\n\n\n\n<p>Tambi\u00e9n adelant\u00f3 que, en el contexto de la Fitelven 2024, este jueves se estar\u00e1 firmando el proyecto IXP para consolidar alianzas que tributen al desarrollo del sector telecomunicaciones.<\/p>\n\n\n\n<p>\u201cEste es un pa\u00eds grande, de personas muy inteligentes, emprendedoras, echados pa\u00b4lante\u201d, concluy\u00f3 M\u00e1rquez.<\/p>\n\n\n\n<p>La Fitelven que se extender\u00e1 hasta el 21 de septiembre, es un espacio creado para propiciar las oportunidades y presentar lo m\u00e1s novedoso en planes, productos y servicios para ampliar el campo de desarrollo de las telecomunicaciones en Venezuela.<\/p>\n\n\n\n<p><strong>Prensa MPPEE-Corpoelec \/ Rosiris Ortega<\/strong><\/p>\n\n\n\n<p><\/p>\n","protected":false},"excerpt":{"rendered":"<p>Poliedro de Caracas, La Rinconada.- Venezuela incursionar\u00e1 en la red 5G para consolidar el sector de las telecomunicaciones, anunci\u00f3 el<\/p>\n","protected":false},"author":24,"featured_media":91506,"comment_status":"closed","ping_status":"closed","sticky":false,"template":"","format":"standard","meta":{"footnotes":""},"categories":[1,15],"tags":[111,2736,46],"class_list":["post-91503","post","type-post","status-publish","format-standard","has-post-thumbnail","hentry","category-mppee","category-nacionales","tag-caracas","tag-telecomunicaciones","tag-venezuela"],"_links":{"self":[{"href":"https:\/\/mppee.gob.ve\/index.php?rest_route=\/wp\/v2\/posts\/91503","targetHints":{"allow":["GET"]}}],"collection":[{"href":"https:\/\/mppee.gob.ve\/index.php?rest_route=\/wp\/v2\/posts"}],"about":[{"href":"https:\/\/mppee.gob.ve\/index.php?rest_route=\/wp\/v2\/types\/post"}],"author":[{"embeddable":true,"href":"https:\/\/mppee.gob.ve\/index.php?rest_route=\/wp\/v2\/users\/24"}],"replies":[{"embeddable":true,"href":"https:\/\/mppee.gob.ve\/index.php?rest_route=%2Fwp%2Fv2%2Fcomments&post=91503"}],"version-history":[{"count":2,"href":"https:\/\/mppee.gob.ve\/index.php?rest_route=\/wp\/v2\/posts\/91503\/revisions"}],"predecessor-version":[{"id":91512,"href":"https:\/\/mppee.gob.ve\/index.php?rest_route=\/wp\/v2\/posts\/91503\/revisions\/91512"}],"wp:featuredmedia":[{"embeddable":true,"href":"https:\/\/mppee.gob.ve\/index.php?rest_route=\/wp\/v2\/media\/91506"}],"wp:attachment":[{"href":"https:\/\/mppee.gob.ve\/index.php?rest_route=%2Fwp%2Fv2%2Fmedia&parent=91503"}],"wp:term":[{"taxonomy":"category","embeddable":true,"href":"https:\/\/mppee.gob.ve\/index.php?rest_route=%2Fwp%2Fv2%2Fcategories&post=91503"},{"taxonomy":"post_tag","embeddable":true,"href":"https:\/\/mppee.gob.ve\/index.php?rest_route=%2Fwp%2Fv2%2Ftags&post=91503"}],"curies":[{"name":"wp","href":"https:\/\/api.w.org\/{rel}","templated":true}]}}