{"id":91521,"date":"2024-09-19T19:50:21","date_gmt":"2024-09-19T19:50:21","guid":{"rendered":"http:\/\/mppee.gob.ve\/?p=91521"},"modified":"2024-09-19T19:50:23","modified_gmt":"2024-09-19T19:50:23","slug":"sector-telecomunicaciones-apunta-a-la-consolidacion-de-la-economia-en-el-pais","status":"publish","type":"post","link":"https:\/\/mppee.gob.ve\/?p=91521","title":{"rendered":"Sector telecomunicaciones apunta a la consolidaci\u00f3n de la econom\u00eda en el pa\u00eds"},"content":{"rendered":"\n<p><strong>Poliedro de Caracas, La Rinconada.- <\/strong>Al destacar la participaci\u00f3n de empresas p\u00fablicas y privadas en la II edici\u00f3n de la Feria Internacional de las Telecomunicaciones (Fitelven) 2024, el vicepresidente sectorial de Obras P\u00fablicas y Servicios, Jorge M\u00e1rquez, subray\u00f3 que el sector ha tenido un crecimiento que se refleja en la econom\u00eda del pa\u00eds.<\/p>\n\n\n\n<p>\u201cEl sector de telecomunicaciones es un sector transversal en lo que es el desarrollo econ\u00f3mico de un pa\u00eds (\u2026) hoy m\u00e1s que nunca este sector es importante porque apoya y ayuda a llevar telecomunicaciones, internet y fibra a los lugares m\u00e1s inh\u00f3spitos de nuestro pa\u00eds\u201d, resalt\u00f3 M\u00e1rquez desde el Poliedro de Caracas.<\/p>\n\n\n\n<p>En este sentido, se\u00f1al\u00f3 que esta segunda edici\u00f3n de Fitelven \u201ces la m\u00e1s bella y m\u00e1s completa que se haya hecho en este pa\u00eds en todos los tiempos. Este a\u00f1o rompimos todos los r\u00e9cords\u201d.<\/p>\n\n\n\n<p>El tambi\u00e9n director general de la Comisi\u00f3n Nacional de Telecomunicaciones (Conatel) convoc\u00f3 a empresarios a sumarse a la construcci\u00f3n de proyectos que permitan \u201cmostrar nuestras capacidades y de que son capaces todos los venezolanos\u201d.<\/p>\n\n\n\n<p>\u201cSon d\u00edas estupendos para el pa\u00eds (\u2026) la gente est\u00e1 muy animada, as\u00ed como los empresarios pendientes de lo que est\u00e1 pasando en nuestro pa\u00eds y dispuestos a invertir y hacer que crezca nuestro pa\u00eds como lo merecemos todos los venezolanos\u201d, concluy\u00f3 M\u00e1rquez.<\/p>\n\n\n\n<p>El Poliedro de Caracas es el epicentro para desarrollar la II edici\u00f3n de Fitelven, hasta el pr\u00f3ximo s\u00e1bado 21 de septiembre, espacio que permite a empresas p\u00fablicas y privadas mostrar los avances m\u00e1s novedosos en materia de telecomunicaciones del pa\u00eds.<\/p>\n\n\n\n<p><strong>Prensa MPPEE-Corpoelec<\/strong><\/p>\n\n\n\n<p><\/p>\n","protected":false},"excerpt":{"rendered":"<p>Poliedro de Caracas, La Rinconada.- Al destacar la participaci\u00f3n de empresas p\u00fablicas y privadas en la II edici\u00f3n de la<\/p>\n","protected":false},"author":22,"featured_media":91522,"comment_status":"closed","ping_status":"closed","sticky":false,"template":"","format":"standard","meta":{"footnotes":""},"categories":[1,15],"tags":[2737,11,46],"class_list":["post-91521","post","type-post","status-publish","format-standard","has-post-thumbnail","hentry","category-mppee","category-nacionales","tag-fitelven","tag-mppee","tag-venezuela"],"_links":{"self":[{"href":"https:\/\/mppee.gob.ve\/index.php?rest_route=\/wp\/v2\/posts\/91521","targetHints":{"allow":["GET"]}}],"collection":[{"href":"https:\/\/mppee.gob.ve\/index.php?rest_route=\/wp\/v2\/posts"}],"about":[{"href":"https:\/\/mppee.gob.ve\/index.php?rest_route=\/wp\/v2\/types\/post"}],"author":[{"embeddable":true,"href":"https:\/\/mppee.gob.ve\/index.php?rest_route=\/wp\/v2\/users\/22"}],"replies":[{"embeddable":true,"href":"https:\/\/mppee.gob.ve\/index.php?rest_route=%2Fwp%2Fv2%2Fcomments&post=91521"}],"version-history":[{"count":1,"href":"https:\/\/mppee.gob.ve\/index.php?rest_route=\/wp\/v2\/posts\/91521\/revisions"}],"predecessor-version":[{"id":91523,"href":"https:\/\/mppee.gob.ve\/index.php?rest_route=\/wp\/v2\/posts\/91521\/revisions\/91523"}],"wp:featuredmedia":[{"embeddable":true,"href":"https:\/\/mppee.gob.ve\/index.php?rest_route=\/wp\/v2\/media\/91522"}],"wp:attachment":[{"href":"https:\/\/mppee.gob.ve\/index.php?rest_route=%2Fwp%2Fv2%2Fmedia&parent=91521"}],"wp:term":[{"taxonomy":"category","embeddable":true,"href":"https:\/\/mppee.gob.ve\/index.php?rest_route=%2Fwp%2Fv2%2Fcategories&post=91521"},{"taxonomy":"post_tag","embeddable":true,"href":"https:\/\/mppee.gob.ve\/index.php?rest_route=%2Fwp%2Fv2%2Ftags&post=91521"}],"curies":[{"name":"wp","href":"https:\/\/api.w.org\/{rel}","templated":true}]}}