{"id":91529,"date":"2024-09-19T20:46:02","date_gmt":"2024-09-19T20:46:02","guid":{"rendered":"http:\/\/mppee.gob.ve\/?p=91529"},"modified":"2024-09-19T20:46:04","modified_gmt":"2024-09-19T20:46:04","slug":"corpoelec-brindara-asistencia-integral-a-usuarios-residenciales-y-comerciales-en-sucre","status":"publish","type":"post","link":"https:\/\/mppee.gob.ve\/?p=91529","title":{"rendered":"Corpoelec brindar\u00e1 asistencia integral a usuarios residenciales y comerciales en Sucre\u00a0\u00a0\u00a0\u00a0\u00a0"},"content":{"rendered":"\n<p><strong>Estado Sucre.- <\/strong>La Corporaci\u00f3n El\u00e9ctrica Nacional (Corpoelec) atender\u00e1 en una jornada especial a usuarios residenciales y comerciales por concepto del servicio el\u00e9ctrico en cinco municipios del estado Sucre.<\/p>\n\n\n\n<p>Desde las 4:00 pm, hasta las 8:00 pm de este viernes 20 la estatal el\u00e9ctrica brindar\u00e1 asistencia sobre actualizaci\u00f3n de datos, notificaci\u00f3n de deudas y pago de factura a trav\u00e9s de punto de ventas, mientras que el s\u00e1bado 21&nbsp; la jornada se realizar\u00e1 desde las 8:30 am, hasta las 03:00 pm.<\/p>\n\n\n\n<p><strong>\u00bfEn d\u00f3nde?<\/strong><\/p>\n\n\n\n<p><strong>&nbsp;Viernes 20\/09:<\/strong><\/p>\n\n\n\n<ul class=\"wp-block-list\">\n<li>Urbanizaci\u00f3n Cuman\u00e1 II, municipio Sucre.<\/li>\n<\/ul>\n\n\n\n<ul class=\"wp-block-list\">\n<li>Comercios de la ciudad de Cuman\u00e1, municipio Sucre.<\/li>\n<\/ul>\n\n\n\n<ul class=\"wp-block-list\">\n<li>Comercios del Poblado de Santa Fe, municipio Sucre.<\/li>\n<\/ul>\n\n\n\n<ul class=\"wp-block-list\">\n<li>Comercios de la ciudad de Car\u00fapano, municipio Berm\u00fadez.<\/li>\n<\/ul>\n\n\n\n<ul class=\"wp-block-list\">\n<li>Comercios del Poblado de Cariaco, municipio Ribero.<\/li>\n<\/ul>\n\n\n\n<ul class=\"wp-block-list\">\n<li>Comercios del poblado de Marig\u00fcitar, municipio Bol\u00edvar.<\/li>\n<\/ul>\n\n\n\n<ul class=\"wp-block-list\">\n<li>Comercios de Cumanacoa, municipio Montes.<\/li>\n<\/ul>\n\n\n\n<p><strong>S\u00e1bado 21\/09:<\/strong><\/p>\n\n\n\n<ul class=\"wp-block-list\">\n<li>Urbanizaciones San Miguel y San Jos\u00e9, municipio Sucre.<\/li>\n<\/ul>\n\n\n\n<ul class=\"wp-block-list\">\n<li>Comercios de la ciudad de Cuman\u00e1, municipio Sucre.<\/li>\n<\/ul>\n\n\n\n<ul class=\"wp-block-list\">\n<li>Comercios del Poblado de Santa Fe, municipio Sucre.<\/li>\n<\/ul>\n\n\n\n<ul class=\"wp-block-list\">\n<li>Comercios de la ciudad de Car\u00fapano, municipio Berm\u00fadez.<\/li>\n<\/ul>\n\n\n\n<ul class=\"wp-block-list\">\n<li>Comercios del Poblado de Cariaco, municipio Ribero.<\/li>\n<\/ul>\n\n\n\n<ul class=\"wp-block-list\">\n<li>Comercios del poblado de Marig\u00fcitar, municipio Bol\u00edvar.<\/li>\n<\/ul>\n\n\n\n<ul class=\"wp-block-list\">\n<li>Comercios de Cumanacoa, municipio Montes.<\/li>\n<\/ul>\n\n\n\n<p>Para mayor informaci\u00f3n sobre las Jornadas Integrales de Atenci\u00f3n al Usuario, puede visitar la cuenta @corpoelecinfo en la red social Instagram.<\/p>\n\n\n\n<p><strong>Prensa MPPEE-Corpoelec<\/strong><\/p>\n","protected":false},"excerpt":{"rendered":"<p>Estado Sucre.- La Corporaci\u00f3n El\u00e9ctrica Nacional (Corpoelec) atender\u00e1 en una jornada especial a usuarios residenciales y comerciales por concepto del<\/p>\n","protected":false},"author":22,"featured_media":91324,"comment_status":"closed","ping_status":"closed","sticky":false,"template":"","format":"standard","meta":{"footnotes":""},"categories":[1,30,7],"tags":[2691,11,2693,46],"class_list":["post-91529","post","type-post","status-publish","format-standard","has-post-thumbnail","hentry","category-mppee","category-regionales","category-sen","tag-corpoelec","tag-mppee","tag-sucre","tag-venezuela"],"_links":{"self":[{"href":"https:\/\/mppee.gob.ve\/index.php?rest_route=\/wp\/v2\/posts\/91529","targetHints":{"allow":["GET"]}}],"collection":[{"href":"https:\/\/mppee.gob.ve\/index.php?rest_route=\/wp\/v2\/posts"}],"about":[{"href":"https:\/\/mppee.gob.ve\/index.php?rest_route=\/wp\/v2\/types\/post"}],"author":[{"embeddable":true,"href":"https:\/\/mppee.gob.ve\/index.php?rest_route=\/wp\/v2\/users\/22"}],"replies":[{"embeddable":true,"href":"https:\/\/mppee.gob.ve\/index.php?rest_route=%2Fwp%2Fv2%2Fcomments&post=91529"}],"version-history":[{"count":1,"href":"https:\/\/mppee.gob.ve\/index.php?rest_route=\/wp\/v2\/posts\/91529\/revisions"}],"predecessor-version":[{"id":91530,"href":"https:\/\/mppee.gob.ve\/index.php?rest_route=\/wp\/v2\/posts\/91529\/revisions\/91530"}],"wp:featuredmedia":[{"embeddable":true,"href":"https:\/\/mppee.gob.ve\/index.php?rest_route=\/wp\/v2\/media\/91324"}],"wp:attachment":[{"href":"https:\/\/mppee.gob.ve\/index.php?rest_route=%2Fwp%2Fv2%2Fmedia&parent=91529"}],"wp:term":[{"taxonomy":"category","embeddable":true,"href":"https:\/\/mppee.gob.ve\/index.php?rest_route=%2Fwp%2Fv2%2Fcategories&post=91529"},{"taxonomy":"post_tag","embeddable":true,"href":"https:\/\/mppee.gob.ve\/index.php?rest_route=%2Fwp%2Fv2%2Ftags&post=91529"}],"curies":[{"name":"wp","href":"https:\/\/api.w.org\/{rel}","templated":true}]}}